{"id":288366,"date":"2021-07-22T19:13:29","date_gmt":"2021-07-22T23:13:29","guid":{"rendered":"http:\/\/diariodominicano.com\/?p=288366"},"modified":"2021-07-22T19:15:39","modified_gmt":"2021-07-22T23:15:39","slug":"compania-de-teatro-nini-german-presenta-los-vecinos-de-arriba","status":"publish","type":"post","link":"https:\/\/diariodominicano.com\/?p=288366","title":{"rendered":"COMPA\u00d1\u00cdA DE TEATRO NIN\u00cd GERM\u00c1N PRESENTA \u201cLOS VECINOS DE ARRIBA\u201d"},"content":{"rendered":"\n<p>Con las actuaciones magistrales de Pamela Sued, Nashla Bogaert, Jos\u00e9 Guillermo Cortines y Luis Jos\u00e9 Germ\u00e1n, bajo la direcci\u00f3n de Manuel Chapuseaux<\/p>\n\n\n\n<p>Boletas a la venta en Uepa Tickets CCN Jumbo Supermercados Nacional.<\/p>\n\n\n\n<p><strong>Santo Domingo, Rep\u00fablica Domnica<\/strong>.- &nbsp;Luego del \u00e9xito obtenido en el 2019, agotando la capacidad m\u00e1xima en m\u00e1s de 14 funciones en el Palacio de Bellas Artes, vuelven a la Sala Carlos Piantini del Teatro Nacional Eduardo Brito, Los Vecinos de Arriba, una comedia de Cesc Gay, bajo la&nbsp;direcci\u00f3n&nbsp;de Manuel Chapuseaux.<\/p>\n\n\n\n<p>\u201cLos Vecinos de Arriba\u201d suben a las tablas los dias 9, 10, 11 y 12 de septiembre en horarios de 8:30 p.m. y domingo a las 7 p.m. en la Sala Principal del Teatro Nacional, y cuenta con las magistrales actuaciones de Pamela Sued, Nashla Bogaert, Jos\u00e9 Guillermo Cortines y Luis Jos\u00e9 Germ\u00e1n. Boletas a la venta en Uepa Tickets CCN Supermercados Nacional. Gracias al auspicio del Banco de Reservas sus clientes con tarjetas de cr\u00e9dito tienen un 10% de descuento en los puntos de venta.<\/p>\n\n\n\n<p>Luis Jos\u00e9 Germ\u00e1n y Luly Rocha, productores de la Compa\u00f1\u00eda de Teatro Nin\u00ed Germ\u00e1n, se embarcan nueva vez en el reto de llevar entretenci\u00f3n a un p\u00fablico \u00e1vido de buen y fino humor, al mismo tiempo de reactivar una de las plazas m\u00e1s golpeadas en este \u00faltimo a\u00f1o.<\/p>\n\n\n\n<p>\u201cNos tentamos muchas veces de poder presentar nuestras piezas teatrales producidas en otras plataformas, pero entendemos que el teatro hay que vivirlo y presenciarlo. No negamos que la desesperaci\u00f3n nos generaba ansiedad pero nos aferrabamos a la idea de que pronto nos volver\u00edamos a reencontrar con nuestro p\u00fablico\u201d,&nbsp; se\u00f1alaron los productores Luis Jos\u00e9 y Luly quienes aprovechan para agradecer las atenciones, el trato afable y la comunicaci\u00f3n positiva de parte de la direccion del Teatro Nacional a cargo del Actor y Director Carlos Espinal, en busca de estrechar a\u00fan m\u00e1s los lazos art\u00edsticos entre los productores independientes y la sala m\u00e1s importante de la Rep\u00fablica Dominicana.<\/p>\n\n\n\n<p>Por el momento y debido a las normas a acatar por las autoridades, la asistencia ser\u00e1 reducida a un 50% de la capacidad permitada en la sala y se llevar\u00e1 a cabo los debidos protocolos sanitarios para cada funci\u00f3n.<\/p>\n\n\n\n<p>Las boletas ya est\u00e1n a la venta en Uepa Tickets, Supermercados Nacional, CCN servicios y Jumbo.<\/p>\n","protected":false},"excerpt":{"rendered":"<p>Con las actuaciones magistrales de Pamela Sued, Nashla Bogaert, Jos\u00e9 Guillermo Cortines y Luis Jos\u00e9 Germ\u00e1n, bajo la direcci\u00f3n de Manuel Chapuseaux Boletas a la venta en Uepa Tickets CCN Jumbo Supermercados Nacional. Santo Domingo, Rep\u00fablica Domnica.- &nbsp;Luego del \u00e9xito obtenido en el 2019, agotando la capacidad m\u00e1xima en m\u00e1s de 14 funciones en el [&hellip;]<\/p>\n","protected":false},"author":7,"featured_media":288379,"comment_status":"closed","ping_status":"","sticky":true,"template":"","format":"standard","meta":{"footnotes":""},"categories":[25,27],"tags":[],"class_list":["post-288366","post","type-post","status-publish","format-standard","has-post-thumbnail","hentry","category-gente","category-portada"],"_links":{"self":[{"href":"https:\/\/diariodominicano.com\/index.php?rest_route=\/wp\/v2\/posts\/288366","targetHints":{"allow":["GET"]}}],"collection":[{"href":"https:\/\/diariodominicano.com\/index.php?rest_route=\/wp\/v2\/posts"}],"about":[{"href":"https:\/\/diariodominicano.com\/index.php?rest_route=\/wp\/v2\/types\/post"}],"author":[{"embeddable":true,"href":"https:\/\/diariodominicano.com\/index.php?rest_route=\/wp\/v2\/users\/7"}],"replies":[{"embeddable":true,"href":"https:\/\/diariodominicano.com\/index.php?rest_route=%2Fwp%2Fv2%2Fcomments&post=288366"}],"version-history":[{"count":1,"href":"https:\/\/diariodominicano.com\/index.php?rest_route=\/wp\/v2\/posts\/288366\/revisions"}],"predecessor-version":[{"id":288375,"href":"https:\/\/diariodominicano.com\/index.php?rest_route=\/wp\/v2\/posts\/288366\/revisions\/288375"}],"wp:featuredmedia":[{"embeddable":true,"href":"https:\/\/diariodominicano.com\/index.php?rest_route=\/wp\/v2\/media\/288379"}],"wp:attachment":[{"href":"https:\/\/diariodominicano.com\/index.php?rest_route=%2Fwp%2Fv2%2Fmedia&parent=288366"}],"wp:term":[{"taxonomy":"category","embeddable":true,"href":"https:\/\/diariodominicano.com\/index.php?rest_route=%2Fwp%2Fv2%2Fcategories&post=288366"},{"taxonomy":"post_tag","embeddable":true,"href":"https:\/\/diariodominicano.com\/index.php?rest_route=%2Fwp%2Fv2%2Ftags&post=288366"}],"curies":[{"name":"wp","href":"https:\/\/api.w.org\/{rel}","templated":true}]}}