{"id":288365,"date":"2021-07-22T18:00:51","date_gmt":"2021-07-22T22:00:51","guid":{"rendered":"http:\/\/diariodominicano.com\/?p=288365"},"modified":"2021-07-22T18:00:51","modified_gmt":"2021-07-22T22:00:51","slug":"productores-de-cebolla-de-san-cristobal-y-bani-montan-piquete-frente-a-agricultura","status":"publish","type":"post","link":"https:\/\/diariodominicano.com\/?p=288365","title":{"rendered":"Productores de cebolla de San Crist\u00f3bal y Ban\u00ed montan piquete frente a Agricultura"},"content":{"rendered":"\n<p>Productores de cebolla de Palenque y Ban\u00ed montaron \u00a0un piquete frente a la explanada frontal del Ministerio de Agricultura, en demanda del pago de unos RD$30 millones que le adeuda esa instituci\u00f3n desde hace m\u00e1s de \u00a05 meses.  <\/p>\n\n\n\n<p><br>Una comisi\u00f3n de tres de los agricultores fue recibida por el jefe del Gabinete del Ministerio de Agricultura, Freddy Fern\u00e1ndez, quien \u00a0a su vez comision\u00f3 al consultor jur\u00eddico de esa instituci\u00f3n y al sub-administrador del Banco Agr\u00edcola, Juan Rosario, para que localicen los expedientes de la deuda de los cebolleros de Palenque y Ban\u00ed.<br>\u00a0 \u00a0A la salida del encuentro con el funcionario, Epifanio Gonz\u00e1lez, presidente de la Asociaci\u00f3n La Inolvidable, inform\u00f3 que si el pr\u00f3ximo martes Agricultura no les paga, volver\u00e1n a la lucha. \u00a0<\/p>\n\n\n\n<p><br>Al retornar a la explanada de Agricultura, acordanada por un contingente policial, Gonz\u00e1lez dijo que los productores de cebolla llevar\u00e1n la protesta \u00a0al Palacio Nacional. <\/p>\n\n\n\n<p><br>Los agricultores pertenecen a las asociaciones La Desamparada, de Sabana Grande, Juan Bar\u00f3n Unidos y La Inolvidable, de Juan Bar\u00f3n, de Palenque, en San Crist\u00f3bal, y la asociaci\u00f3n C J, \u00a0de Don Gregorio y la Cooperativa Agropecuaria Nizao, de Ban\u00ed. \u00a0<br> Esos productores de cebolla tienen deudas atrasadas con el Banco Agr\u00edcola, el Fondo Especial para el Desarrollo Agropecuario (FEDA) y con prestamistas que les est\u00e1n exigiendo el cumplimiento de sus pagos, seg\u00fan inform\u00f3 Epifanio Gonz\u00e1lez, presidente de la Asociaci\u00f3n La Inolvidable. <\/p>\n\n\n\n<p><br>\u00a0Junto a Gonz\u00e1lez hablaron Lidio Walter Solano, presidente de la Asociaci\u00f3n La Desamparada; Juan Esteban Rosario, de la Asociaci\u00f3n C J; Norberto Paulino, de la Cooperativa Agropecuaria Nizao, y Luis Salvador Figuereo, de la Asociaci\u00f3n Juan Bar\u00f3n Unidos. <\/p>\n\n\n\n<p><br>\u00a0Recordaron que esas asociaciones le vendieron al Ministerio de Agricultura parte de la cosecha de cebolla roja de sus miembros por unos RD$80 millones y que esa instituci\u00f3n le pag\u00f3 en mayo pasado RD$50 millones.<br>\u00a0Agregaron que Agricultura le debe unos RD$30 millones a los miembros de las asociaciones de San Crist\u00f3bal y Ban\u00ed, por lo que no han podido terminar de pagar sus deudas con el Bagr\u00edcola, el FEDA y los prestamistas informales. <\/p>\n\n\n\n<p><br>Los voceros de los productores de cebolla indicaron que est\u00e1n pagando moras por esas deudas, por lo que le pidieron al ministro de Agricultura, Limber Cruz, que agilice sus pagos.<br>Dijeron adem\u00e1s, que perdieron parte de la cebolla que ten\u00edan almacenada debido a que se la retiraron a tiempo, a pesar de que los mandaron a cosecharla. <\/p>\n\n\n\n<p><br>Expresaron que el retraso de Agricultura en el pago de la deuda atrasada, significa p\u00e9rdida de dinero para los agricultores que tuvieron peque\u00f1as ganancias o p\u00e9rdidas de sus cosechas de cebolla. <\/p>\n\n\n\n<p><br>\u00a0 Los productores de cebolla de San Crist\u00f3bal y Ban\u00ed pidieron al presidente Luis Abinader que le asigne los fondos al Ministerio de Agricultura para que \u00a0les pague los RD$30 millones por la venta de la cebolla. <\/p>\n\n\n\n<figure class=\"wp-block-image size-large is-style-default\"><img loading=\"lazy\" decoding=\"async\" width=\"1024\" height=\"583\" src=\"https:\/\/diariodominicano.com\/wp-content\/uploads\/2021\/07\/image-43-1024x583.png\" alt=\"\" class=\"wp-image-288372\" srcset=\"https:\/\/diariodominicano.com\/wp-content\/uploads\/2021\/07\/image-43-1024x583.png 1024w, https:\/\/diariodominicano.com\/wp-content\/uploads\/2021\/07\/image-43-300x171.png 300w, https:\/\/diariodominicano.com\/wp-content\/uploads\/2021\/07\/image-43-768x437.png 768w, https:\/\/diariodominicano.com\/wp-content\/uploads\/2021\/07\/image-43-816x465.png 816w, https:\/\/diariodominicano.com\/wp-content\/uploads\/2021\/07\/image-43.png 1379w\" sizes=\"auto, (max-width: 1024px) 100vw, 1024px\" \/><figcaption>Productores de cebolla de Palenque y Ban\u00ed que montaron un piquete frente al Ministerio de \u00a0Agricultura.\u00a0\u00a0<br><\/figcaption><\/figure>\n\n\n\n<p><\/p>\n","protected":false},"excerpt":{"rendered":"<p>Productores de cebolla de Palenque y Ban\u00ed montaron \u00a0un piquete frente a la explanada frontal del Ministerio de Agricultura, en demanda del pago de unos RD$30 millones que le adeuda esa instituci\u00f3n desde hace m\u00e1s de \u00a05 meses. Una comisi\u00f3n de tres de los agricultores fue recibida por el jefe del Gabinete del Ministerio de [&hellip;]<\/p>\n","protected":false},"author":7,"featured_media":288372,"comment_status":"closed","ping_status":"","sticky":true,"template":"","format":"standard","meta":{"footnotes":""},"categories":[20,27],"tags":[],"class_list":["post-288365","post","type-post","status-publish","format-standard","has-post-thumbnail","hentry","category-dominicana-hoy","category-portada"],"_links":{"self":[{"href":"https:\/\/diariodominicano.com\/index.php?rest_route=\/wp\/v2\/posts\/288365","targetHints":{"allow":["GET"]}}],"collection":[{"href":"https:\/\/diariodominicano.com\/index.php?rest_route=\/wp\/v2\/posts"}],"about":[{"href":"https:\/\/diariodominicano.com\/index.php?rest_route=\/wp\/v2\/types\/post"}],"author":[{"embeddable":true,"href":"https:\/\/diariodominicano.com\/index.php?rest_route=\/wp\/v2\/users\/7"}],"replies":[{"embeddable":true,"href":"https:\/\/diariodominicano.com\/index.php?rest_route=%2Fwp%2Fv2%2Fcomments&post=288365"}],"version-history":[{"count":2,"href":"https:\/\/diariodominicano.com\/index.php?rest_route=\/wp\/v2\/posts\/288365\/revisions"}],"predecessor-version":[{"id":288374,"href":"https:\/\/diariodominicano.com\/index.php?rest_route=\/wp\/v2\/posts\/288365\/revisions\/288374"}],"wp:featuredmedia":[{"embeddable":true,"href":"https:\/\/diariodominicano.com\/index.php?rest_route=\/wp\/v2\/media\/288372"}],"wp:attachment":[{"href":"https:\/\/diariodominicano.com\/index.php?rest_route=%2Fwp%2Fv2%2Fmedia&parent=288365"}],"wp:term":[{"taxonomy":"category","embeddable":true,"href":"https:\/\/diariodominicano.com\/index.php?rest_route=%2Fwp%2Fv2%2Fcategories&post=288365"},{"taxonomy":"post_tag","embeddable":true,"href":"https:\/\/diariodominicano.com\/index.php?rest_route=%2Fwp%2Fv2%2Ftags&post=288365"}],"curies":[{"name":"wp","href":"https:\/\/api.w.org\/{rel}","templated":true}]}}