{"id":288303,"date":"2021-07-22T14:11:20","date_gmt":"2021-07-22T18:11:20","guid":{"rendered":"http:\/\/diariodominicano.com\/?p=288303"},"modified":"2021-07-22T14:11:20","modified_gmt":"2021-07-22T18:11:20","slug":"presidente-de-libano-condena-violacion-israeli-de-espacio-aereo-para-atacar-a-siria","status":"publish","type":"post","link":"https:\/\/diariodominicano.com\/?p=288303","title":{"rendered":"Presidente de L\u00edbano condena \u00abviolaci\u00f3n israel\u00ed de espacio a\u00e9reo\u00bb para atacar a Siria"},"content":{"rendered":"\n<h3 class=\"wp-block-heading\">diariodominicano.com<a rel=\"noreferrer noopener\" href=\"http:\/\/home.xinhua-news.com\/gdsdetailxhs\/share\/9698781-?pageflag=iframe\" target=\"_blank\"><\/a><\/h3>\n\n\n\n<pre id=\"text-news-description\" class=\"wp-block-preformatted\">   BEIRUT, 22 jul (Xinhua) -- El presidente de L\u00edbano, Michel Aoun, conden\u00f3 hoy jueves \"la violaci\u00f3n israel\u00ed del espacio a\u00e9reo liban\u00e9s\" durante sus ataques nocturnos contra territorios sirios, dijo un comunicado de la presidencia libanesa.\n   Aoun pidi\u00f3 a la embajadora libanesa ante la Organizaci\u00f3n de las Naciones Unidas (ONU), Amal Mudallali, que informe al Secretariado de la ONU sobre la continua violaci\u00f3n de la soberan\u00eda libanesa por parte de fuerzas israel\u00edes, especialmente en vista del uso del espacio a\u00e9reo liban\u00e9s para atacar territorios sirios, lo que provoca da\u00f1os en dos localidades libanesas.\n   Aviones israel\u00edes han lanzado ataques contra objetivos en Siria por segunda noche esta semana. <\/pre>\n","protected":false},"excerpt":{"rendered":"<p>diariodominicano.com BEIRUT, 22 jul (Xinhua) &#8212; El presidente de L\u00edbano, Michel Aoun, conden\u00f3 hoy jueves \u00abla violaci\u00f3n israel\u00ed del espacio a\u00e9reo liban\u00e9s\u00bb durante sus ataques nocturnos contra territorios sirios, dijo un comunicado de la presidencia libanesa. Aoun pidi\u00f3 a la embajadora libanesa ante la Organizaci\u00f3n de las Naciones Unidas (ONU), Amal Mudallali, que informe al [&hellip;]<\/p>\n","protected":false},"author":5,"featured_media":288304,"comment_status":"closed","ping_status":"","sticky":true,"template":"","format":"standard","meta":{"footnotes":""},"categories":[23,27],"tags":[],"class_list":["post-288303","post","type-post","status-publish","format-standard","has-post-thumbnail","hentry","category-internacional","category-portada"],"_links":{"self":[{"href":"https:\/\/diariodominicano.com\/index.php?rest_route=\/wp\/v2\/posts\/288303","targetHints":{"allow":["GET"]}}],"collection":[{"href":"https:\/\/diariodominicano.com\/index.php?rest_route=\/wp\/v2\/posts"}],"about":[{"href":"https:\/\/diariodominicano.com\/index.php?rest_route=\/wp\/v2\/types\/post"}],"author":[{"embeddable":true,"href":"https:\/\/diariodominicano.com\/index.php?rest_route=\/wp\/v2\/users\/5"}],"replies":[{"embeddable":true,"href":"https:\/\/diariodominicano.com\/index.php?rest_route=%2Fwp%2Fv2%2Fcomments&post=288303"}],"version-history":[{"count":1,"href":"https:\/\/diariodominicano.com\/index.php?rest_route=\/wp\/v2\/posts\/288303\/revisions"}],"predecessor-version":[{"id":288305,"href":"https:\/\/diariodominicano.com\/index.php?rest_route=\/wp\/v2\/posts\/288303\/revisions\/288305"}],"wp:featuredmedia":[{"embeddable":true,"href":"https:\/\/diariodominicano.com\/index.php?rest_route=\/wp\/v2\/media\/288304"}],"wp:attachment":[{"href":"https:\/\/diariodominicano.com\/index.php?rest_route=%2Fwp%2Fv2%2Fmedia&parent=288303"}],"wp:term":[{"taxonomy":"category","embeddable":true,"href":"https:\/\/diariodominicano.com\/index.php?rest_route=%2Fwp%2Fv2%2Fcategories&post=288303"},{"taxonomy":"post_tag","embeddable":true,"href":"https:\/\/diariodominicano.com\/index.php?rest_route=%2Fwp%2Fv2%2Ftags&post=288303"}],"curies":[{"name":"wp","href":"https:\/\/api.w.org\/{rel}","templated":true}]}}