{"id":288297,"date":"2021-07-22T13:41:10","date_gmt":"2021-07-22T17:41:10","guid":{"rendered":"http:\/\/diariodominicano.com\/?p=288297"},"modified":"2021-07-22T13:41:10","modified_gmt":"2021-07-22T17:41:10","slug":"rusia-dice-que-gasoducto-nord-stream-2-comenzara-operaciones-pese-a-presion-de-eeuu","status":"publish","type":"post","link":"https:\/\/diariodominicano.com\/?p=288297","title":{"rendered":"Rusia dice que gasoducto Nord Stream 2 comenzar\u00e1 operaciones pese a presi\u00f3n de EEUU"},"content":{"rendered":"\n<p>diariodominicano.com<a rel=\"noreferrer noopener\" href=\"http:\/\/home.xinhua-news.com\/gdsdetailxhs\/share\/9698798-?pageflag=iframe\" target=\"_blank\"><\/a><\/p>\n\n\n\n<pre id=\"text-news-description\" class=\"wp-block-preformatted\">   MOSC\u00da, 22 jul (Xinhua) -- El ducto de gas natural Nord Stream 2 entrar\u00e1 pronto en operaci\u00f3n a pesar del intento de Washington de politizar el proyecto, dijo hoy jueves la portavoz del Ministerio de Relaciones Exteriores ruso, Maria Zakharova.\n   Zakharova hizo estas declaraciones durante su conferencia de prensa semanal despu\u00e9s de que Estados Unidos y Alemania acordaron el mi\u00e9rcoles medidas para reducir el riesgo que representar\u00eda el Nord Stream 2 para la seguridad energ\u00e9tica europea y para Ucrania.\n   \"A pesar de las extra\u00f1as decisiones que se tomaron bajo la presi\u00f3n de Estados Unidos, como fue el caso de las recientes negociaciones germano-estadounidenses, no pueden cambiar la realidad objetiva, la construcci\u00f3n de esta instalaci\u00f3n a gran escala\", dijo.\n   Rusia conf\u00eda en que el proyecto Nord Stream 2 funcionar\u00e1 de forma fiable, proporcionar\u00e1 energ\u00eda asequible a los consumidores europeos y reforzar\u00e1 la seguridad energ\u00e9tica del continente, dijo.\n   El gasoducto de 1.230 kil\u00f3metros, que se espera est\u00e9 terminado el pr\u00f3ximo mes, llevar\u00e1 55.000 millones de metros c\u00fabicos de gas al a\u00f1o desde Rusia hacia Alemania a trav\u00e9s del mar B\u00e1ltico.\n   Washington parece perseguir sus propios intereses geopol\u00edticos y econ\u00f3micos al interrumpir la implementaci\u00f3n del gasoducto, pero el proyecto es ben\u00e9fico para Europa, dijo Zakharova, subrayando que Rusia est\u00e1 completamente en contra de la politizaci\u00f3n de la cooperaci\u00f3n energ\u00e9tica.\n   \"A partir de la declaraci\u00f3n conjunta emitida por Estados Unidos y Alemania, nos ha quedado claro qui\u00e9n pretende controlar el desarrollo del complejo de combustible y energ\u00eda ucraniano\", a\u00f1adi\u00f3.<\/pre>\n","protected":false},"excerpt":{"rendered":"<p>diariodominicano.com MOSC\u00da, 22 jul (Xinhua) &#8212; El ducto de gas natural Nord Stream 2 entrar\u00e1 pronto en operaci\u00f3n a pesar del intento de Washington de politizar el proyecto, dijo hoy jueves la portavoz del Ministerio de Relaciones Exteriores ruso, Maria Zakharova. Zakharova hizo estas declaraciones durante su conferencia de prensa semanal despu\u00e9s de que Estados [&hellip;]<\/p>\n","protected":false},"author":5,"featured_media":288298,"comment_status":"closed","ping_status":"","sticky":true,"template":"","format":"standard","meta":{"footnotes":""},"categories":[23,27],"tags":[],"class_list":["post-288297","post","type-post","status-publish","format-standard","has-post-thumbnail","hentry","category-internacional","category-portada"],"_links":{"self":[{"href":"https:\/\/diariodominicano.com\/index.php?rest_route=\/wp\/v2\/posts\/288297","targetHints":{"allow":["GET"]}}],"collection":[{"href":"https:\/\/diariodominicano.com\/index.php?rest_route=\/wp\/v2\/posts"}],"about":[{"href":"https:\/\/diariodominicano.com\/index.php?rest_route=\/wp\/v2\/types\/post"}],"author":[{"embeddable":true,"href":"https:\/\/diariodominicano.com\/index.php?rest_route=\/wp\/v2\/users\/5"}],"replies":[{"embeddable":true,"href":"https:\/\/diariodominicano.com\/index.php?rest_route=%2Fwp%2Fv2%2Fcomments&post=288297"}],"version-history":[{"count":1,"href":"https:\/\/diariodominicano.com\/index.php?rest_route=\/wp\/v2\/posts\/288297\/revisions"}],"predecessor-version":[{"id":288299,"href":"https:\/\/diariodominicano.com\/index.php?rest_route=\/wp\/v2\/posts\/288297\/revisions\/288299"}],"wp:featuredmedia":[{"embeddable":true,"href":"https:\/\/diariodominicano.com\/index.php?rest_route=\/wp\/v2\/media\/288298"}],"wp:attachment":[{"href":"https:\/\/diariodominicano.com\/index.php?rest_route=%2Fwp%2Fv2%2Fmedia&parent=288297"}],"wp:term":[{"taxonomy":"category","embeddable":true,"href":"https:\/\/diariodominicano.com\/index.php?rest_route=%2Fwp%2Fv2%2Fcategories&post=288297"},{"taxonomy":"post_tag","embeddable":true,"href":"https:\/\/diariodominicano.com\/index.php?rest_route=%2Fwp%2Fv2%2Ftags&post=288297"}],"curies":[{"name":"wp","href":"https:\/\/api.w.org\/{rel}","templated":true}]}}