{"id":288294,"date":"2021-07-22T13:28:42","date_gmt":"2021-07-22T17:28:42","guid":{"rendered":"http:\/\/diariodominicano.com\/?p=288294"},"modified":"2021-07-22T13:28:42","modified_gmt":"2021-07-22T17:28:42","slug":"jce-informa-fallecimiento-de-guarino-cruz-director-de-partidos-politicos","status":"publish","type":"post","link":"https:\/\/diariodominicano.com\/?p=288294","title":{"rendered":"JCE informa fallecimiento de Guarino Cruz, director de Partidos Pol\u00edticos"},"content":{"rendered":"\n<p>diariodominicano.com<\/p>\n\n\n\n<p>Santo Domingo, R. D., 22 de julio, 2021.- La Junta Central Electoral (JCE) pasa por la profunda pena de comunicar el lamentable fallecimiento de Guarino Cruz Echavarr\u00eda, quien se desempe\u00f1aba como director del Departamento de Partidos Pol\u00edticos de esta instituci\u00f3n.<\/p>\n\n\n\n<p>Su deceso se produjo la ma\u00f1ana de este jueves 22 de julio del 2021 en el Centro de Diagn\u00f3stico de Medicina Avanzada y Telemedicina (Cedimat), donde era tratado por complicaciones de salud, asociadas al virus covid-19.<\/p>\n\n\n\n<p>Cruz Echavarr\u00eda, de 58 a\u00f1os de edad, fue egresado de la carrera de Derecho en la Universidad Aut\u00f3noma de Santo Domingo (UASD), con maestr\u00eda en Derecho Constitucional de la Universidad Iberoamericana (UNIBE) y doctorado en Filosof\u00eda en un Mundo Global, por la Universidad del Pa\u00eds Vasco.<\/p>\n\n\n\n<p>Fue catedr\u00e1tico de posgrado en la UASD y docente en la Escuela de Formaci\u00f3n Electoral (EFEC). Adem\u00e1s de las funciones que ten\u00eda al momento de su muerte, Cruz ocup\u00f3 la posici\u00f3n de consultor jur\u00eddico de la instituci\u00f3n.<\/p>\n\n\n\n<p>Previo a formar parte de los servidores de la Junta Central Electoral, ocup\u00f3 funciones p\u00fablicas en varias instituciones del Estado y trabaj\u00f3 como abogado en varios bufetes de abogados.&nbsp;&nbsp;<\/p>\n\n\n\n<p>La familia de la JCE manifiesta su pesar por el deceso de un gran colaborador, quien ya ten\u00eda 14 a\u00f1os de servicio en esta instituci\u00f3n.&nbsp;<\/p>\n\n\n\n<p>Externamos nuestras condolencias a sus familiares, amigos y allegados.<\/p>\n\n\n\n<p>Fuente :  <strong>Comunicaciones JCE<\/strong><\/p>\n\n\n\n<p>Direcci\u00f3n de Comunicaciones<\/p>\n\n\n\n<p>Junta Central Electoral (JCE)<\/p>\n","protected":false},"excerpt":{"rendered":"<p>diariodominicano.com Santo Domingo, R. D., 22 de julio, 2021.- La Junta Central Electoral (JCE) pasa por la profunda pena de comunicar el lamentable fallecimiento de Guarino Cruz Echavarr\u00eda, quien se desempe\u00f1aba como director del Departamento de Partidos Pol\u00edticos de esta instituci\u00f3n. Su deceso se produjo la ma\u00f1ana de este jueves 22 de julio del 2021 [&hellip;]<\/p>\n","protected":false},"author":5,"featured_media":288295,"comment_status":"closed","ping_status":"","sticky":true,"template":"","format":"standard","meta":{"footnotes":""},"categories":[20,27],"tags":[],"class_list":["post-288294","post","type-post","status-publish","format-standard","has-post-thumbnail","hentry","category-dominicana-hoy","category-portada"],"_links":{"self":[{"href":"https:\/\/diariodominicano.com\/index.php?rest_route=\/wp\/v2\/posts\/288294","targetHints":{"allow":["GET"]}}],"collection":[{"href":"https:\/\/diariodominicano.com\/index.php?rest_route=\/wp\/v2\/posts"}],"about":[{"href":"https:\/\/diariodominicano.com\/index.php?rest_route=\/wp\/v2\/types\/post"}],"author":[{"embeddable":true,"href":"https:\/\/diariodominicano.com\/index.php?rest_route=\/wp\/v2\/users\/5"}],"replies":[{"embeddable":true,"href":"https:\/\/diariodominicano.com\/index.php?rest_route=%2Fwp%2Fv2%2Fcomments&post=288294"}],"version-history":[{"count":1,"href":"https:\/\/diariodominicano.com\/index.php?rest_route=\/wp\/v2\/posts\/288294\/revisions"}],"predecessor-version":[{"id":288296,"href":"https:\/\/diariodominicano.com\/index.php?rest_route=\/wp\/v2\/posts\/288294\/revisions\/288296"}],"wp:featuredmedia":[{"embeddable":true,"href":"https:\/\/diariodominicano.com\/index.php?rest_route=\/wp\/v2\/media\/288295"}],"wp:attachment":[{"href":"https:\/\/diariodominicano.com\/index.php?rest_route=%2Fwp%2Fv2%2Fmedia&parent=288294"}],"wp:term":[{"taxonomy":"category","embeddable":true,"href":"https:\/\/diariodominicano.com\/index.php?rest_route=%2Fwp%2Fv2%2Fcategories&post=288294"},{"taxonomy":"post_tag","embeddable":true,"href":"https:\/\/diariodominicano.com\/index.php?rest_route=%2Fwp%2Fv2%2Ftags&post=288294"}],"curies":[{"name":"wp","href":"https:\/\/api.w.org\/{rel}","templated":true}]}}