{"id":288256,"date":"2021-07-21T23:52:40","date_gmt":"2021-07-22T03:52:40","guid":{"rendered":"http:\/\/diariodominicano.com\/?p=288256"},"modified":"2021-07-21T23:52:40","modified_gmt":"2021-07-22T03:52:40","slug":"fp-en-ny-expresa-pesar-por-fallecimiento-madre-leonel-fernandez","status":"publish","type":"post","link":"https:\/\/diariodominicano.com\/?p=288256","title":{"rendered":"FP en NY expresa pesar por fallecimiento madre Leonel Fern\u00e1ndez"},"content":{"rendered":"\n<p>diariodominicano.com<\/p>\n\n\n\n<p><strong>Por Ram\u00f3n Mercedes<\/strong><\/p>\n\n\n\n<p><strong>NUEVA YORK, 21 de julio, 2021.-<\/strong>\u00a0La Direcci\u00f3n Pol\u00edtica de Partido Fuerza del Pueblo (FP) en el estado de New York, expresa su pesar y se une al\u00a0\u00a0profundo dolor\u00a0\u00a0que embarga al l\u00edder y presidente de nuestra organizaci\u00f3n, doctor Leonel Fern\u00e1ndez, al igual que sus familiares, por el fallecimiento de su madre do\u00f1a Yolanda Reyna.<\/p>\n\n\n\n<p>Piden al Dios Todopoderoso le de&nbsp;&nbsp;consuelo y sabidur\u00eda para sobrellevar el dolor de la&nbsp;&nbsp;partida de su adorada madre.<\/p>\n\n\n\n<p>Su amor incondicional y entrega total a las causas que ha defendido su amado hijo,&nbsp;&nbsp;sin dudas la har\u00e1n inolvidable para todos nosotros. Descanse en paz compa\u00f1era Yolanda, sostiene un documento de prensa, firmado por Domingo Jim\u00e9nez (Enlace) Carlos Feliz (Coordinador), Miguelina Fabi\u00e1n, Francisco Robles, Gregorio Morrobel, Hilario Taveras, y Ramon Santana.<\/p>\n\n\n\n<p>Asimismo, por Jos\u00e9 Fern\u00e1ndez, Jacqueline Guilamo,&nbsp;&nbsp;Pablo Garc\u00eda, Juana Lidia Perdomo,&nbsp;&nbsp;Pascual Ram\u00edrez, Yberth Rodr\u00edguez, Luciano V\u00e1zquez, Indira Polanco, Juan Isidro&nbsp;&nbsp;Mart\u00ednez, Nilda B\u00e1ez, Jose Bodre, Joel Abr\u00e9u,, V\u00edctor Acosta , Yadira Pe\u00f1a, y Mariano Garc\u00eda.<\/p>\n\n\n\n<p>Adem\u00e1s, Mally De Le\u00f3n, Domingo Bello, Roberto L\u00f3pez, Dionicio Ventura, Iv\u00e1n Canals, Jaime Bruno, \u00d3scar Merejo, Alfredo Rodr\u00edguez, Gerardo Rosario, Heriberto Pichardo, Jos\u00e9 Miguel Vantroi, Carlos B\u00e1ez, Rafael Montes D\u2019Oca y Carlos Garc\u00eda, entre otros.<\/p>\n","protected":false},"excerpt":{"rendered":"<p>diariodominicano.com Por Ram\u00f3n Mercedes NUEVA YORK, 21 de julio, 2021.-\u00a0La Direcci\u00f3n Pol\u00edtica de Partido Fuerza del Pueblo (FP) en el estado de New York, expresa su pesar y se une al\u00a0\u00a0profundo dolor\u00a0\u00a0que embarga al l\u00edder y presidente de nuestra organizaci\u00f3n, doctor Leonel Fern\u00e1ndez, al igual que sus familiares, por el fallecimiento de su madre do\u00f1a [&hellip;]<\/p>\n","protected":false},"author":5,"featured_media":288144,"comment_status":"closed","ping_status":"","sticky":true,"template":"","format":"standard","meta":{"footnotes":""},"categories":[20,27],"tags":[],"class_list":["post-288256","post","type-post","status-publish","format-standard","has-post-thumbnail","hentry","category-dominicana-hoy","category-portada"],"_links":{"self":[{"href":"https:\/\/diariodominicano.com\/index.php?rest_route=\/wp\/v2\/posts\/288256","targetHints":{"allow":["GET"]}}],"collection":[{"href":"https:\/\/diariodominicano.com\/index.php?rest_route=\/wp\/v2\/posts"}],"about":[{"href":"https:\/\/diariodominicano.com\/index.php?rest_route=\/wp\/v2\/types\/post"}],"author":[{"embeddable":true,"href":"https:\/\/diariodominicano.com\/index.php?rest_route=\/wp\/v2\/users\/5"}],"replies":[{"embeddable":true,"href":"https:\/\/diariodominicano.com\/index.php?rest_route=%2Fwp%2Fv2%2Fcomments&post=288256"}],"version-history":[{"count":1,"href":"https:\/\/diariodominicano.com\/index.php?rest_route=\/wp\/v2\/posts\/288256\/revisions"}],"predecessor-version":[{"id":288257,"href":"https:\/\/diariodominicano.com\/index.php?rest_route=\/wp\/v2\/posts\/288256\/revisions\/288257"}],"wp:featuredmedia":[{"embeddable":true,"href":"https:\/\/diariodominicano.com\/index.php?rest_route=\/wp\/v2\/media\/288144"}],"wp:attachment":[{"href":"https:\/\/diariodominicano.com\/index.php?rest_route=%2Fwp%2Fv2%2Fmedia&parent=288256"}],"wp:term":[{"taxonomy":"category","embeddable":true,"href":"https:\/\/diariodominicano.com\/index.php?rest_route=%2Fwp%2Fv2%2Fcategories&post=288256"},{"taxonomy":"post_tag","embeddable":true,"href":"https:\/\/diariodominicano.com\/index.php?rest_route=%2Fwp%2Fv2%2Ftags&post=288256"}],"curies":[{"name":"wp","href":"https:\/\/api.w.org\/{rel}","templated":true}]}}