{"id":288253,"date":"2021-07-21T23:47:47","date_gmt":"2021-07-22T03:47:47","guid":{"rendered":"http:\/\/diariodominicano.com\/?p=288253"},"modified":"2021-07-21T23:47:47","modified_gmt":"2021-07-22T03:47:47","slug":"junta-nyc-declara-ganadora-dominicana-carmen-de-la-rosa-como-concejal-alto-manhattan","status":"publish","type":"post","link":"https:\/\/diariodominicano.com\/?p=288253","title":{"rendered":"Junta NYC declara ganadora dominicana Carmen de la Rosa como concejal Alto Manhattan"},"content":{"rendered":"\n<p>diariodominicano.com<\/p>\n\n\n\n<p><strong>Por Ram\u00f3n Mercedes<\/strong><\/p>\n\n\n\n<p><strong>NUEVA YORK, 21 de julio, 2021.-<\/strong>\u00a0La Junta de Elecciones de esta ciudad (BOE) declar\u00f3 este mi\u00e9rcoles ganadora de las primarias democrata a la dominicana Carmen de la Rosa como concejal por el distrito 10, que cubre los vecindarios de Washington Heights e Inwood en el Alto Manhattan, y parte de Marble Hill en El Bronx.<\/p>\n\n\n\n<p>De la Rosa, participar\u00e1 como la candidata oficial dem\u00f3crata por dicho distrito en las elecciones generales a celebrarse el pr\u00f3ximo 2 de noviembre, y sustituir\u00e1 en la posici\u00f3n al tambi\u00e9n quisqueyano Ydanis Rodr\u00edguez.<\/p>\n\n\n\n<p>Es dada como segura ganadora debido a que los votantes en esos vecindarios, en su mayor\u00eda dominicanos, son democratas en un 95%.<\/p>\n\n\n\n<p>La actual asamble\u00edsta por el distrito 72 expres\u00f3 \u201ccon humildad y gratitud, espero poder servir a mi amada comunidad en el Ayuntamiento y crear poder pol\u00edtico desde abajo junto a todos nuestros vecinos en los sectores que representar\u00e9\u201d.<\/p>\n\n\n\n<p>Para lograr cambios transformadores creo que es esencial construir comunidad y fortalecer la cohesi\u00f3n social, como ha escrito el poeta, maestro y activista Bell Hooks: \u00abUna de las formas m\u00e1s importantes en que nos mantenemos es construyendo comunidades de resistencia, lugares donde sabemos que no estamos solos\u00bb.<\/p>\n\n\n\n<p>De la Rosa, a\u00f1adi\u00f3 \u201ccomo agradecimiento a todos los partidarios, voluntarios y miembros de la comunidad, los invito a que celebremos juntos el s\u00e1bado 7 de agosto de 12:00 a 5:00 de la tarde en el parque Highbridge, ubicado en la avenida Amsterdan con la calle 170, una barbacoa comunitaria para profundizar nuestros lazos de cambio social.<\/p>\n\n\n\n<p>Sostuvo, que al comenzar el pr\u00f3ximo cap\u00edtulo en nuestra lucha por la justicia en nuestra comunidad, quiero agradecerles a todos nuevamente por su contin\u00fao apoyo y dedicaci\u00f3n, concluy\u00f3.<\/p>\n","protected":false},"excerpt":{"rendered":"<p>diariodominicano.com Por Ram\u00f3n Mercedes NUEVA YORK, 21 de julio, 2021.-\u00a0La Junta de Elecciones de esta ciudad (BOE) declar\u00f3 este mi\u00e9rcoles ganadora de las primarias democrata a la dominicana Carmen de la Rosa como concejal por el distrito 10, que cubre los vecindarios de Washington Heights e Inwood en el Alto Manhattan, y parte de Marble [&hellip;]<\/p>\n","protected":false},"author":5,"featured_media":288254,"comment_status":"closed","ping_status":"","sticky":true,"template":"","format":"standard","meta":{"footnotes":""},"categories":[22,27],"tags":[],"class_list":["post-288253","post","type-post","status-publish","format-standard","has-post-thumbnail","hentry","category-politica","category-portada"],"_links":{"self":[{"href":"https:\/\/diariodominicano.com\/index.php?rest_route=\/wp\/v2\/posts\/288253","targetHints":{"allow":["GET"]}}],"collection":[{"href":"https:\/\/diariodominicano.com\/index.php?rest_route=\/wp\/v2\/posts"}],"about":[{"href":"https:\/\/diariodominicano.com\/index.php?rest_route=\/wp\/v2\/types\/post"}],"author":[{"embeddable":true,"href":"https:\/\/diariodominicano.com\/index.php?rest_route=\/wp\/v2\/users\/5"}],"replies":[{"embeddable":true,"href":"https:\/\/diariodominicano.com\/index.php?rest_route=%2Fwp%2Fv2%2Fcomments&post=288253"}],"version-history":[{"count":1,"href":"https:\/\/diariodominicano.com\/index.php?rest_route=\/wp\/v2\/posts\/288253\/revisions"}],"predecessor-version":[{"id":288255,"href":"https:\/\/diariodominicano.com\/index.php?rest_route=\/wp\/v2\/posts\/288253\/revisions\/288255"}],"wp:featuredmedia":[{"embeddable":true,"href":"https:\/\/diariodominicano.com\/index.php?rest_route=\/wp\/v2\/media\/288254"}],"wp:attachment":[{"href":"https:\/\/diariodominicano.com\/index.php?rest_route=%2Fwp%2Fv2%2Fmedia&parent=288253"}],"wp:term":[{"taxonomy":"category","embeddable":true,"href":"https:\/\/diariodominicano.com\/index.php?rest_route=%2Fwp%2Fv2%2Fcategories&post=288253"},{"taxonomy":"post_tag","embeddable":true,"href":"https:\/\/diariodominicano.com\/index.php?rest_route=%2Fwp%2Fv2%2Ftags&post=288253"}],"curies":[{"name":"wp","href":"https:\/\/api.w.org\/{rel}","templated":true}]}}