{"id":288250,"date":"2021-07-21T23:37:59","date_gmt":"2021-07-22T03:37:59","guid":{"rendered":"http:\/\/diariodominicano.com\/?p=288250"},"modified":"2021-07-21T23:37:59","modified_gmt":"2021-07-22T03:37:59","slug":"camara-comercio-dominicana-usa-presenta-agenda-a-desarrollar","status":"publish","type":"post","link":"https:\/\/diariodominicano.com\/?p=288250","title":{"rendered":"C\u00e1mara Comercio Dominicana USA presenta agenda a desarrollar"},"content":{"rendered":"\n<p>diariodominicano.com<\/p>\n\n\n\n<p><strong>Por Ram\u00f3n Mercedes<\/strong><strong>&nbsp;<\/strong><\/p>\n\n\n\n<p><strong>NUEVA YORK, 21 de julio, 2021.-<\/strong>\u00a0La \u201cC\u00e1mara de Comercio Dominicana en USA\u201d dio a conocer la agenda a desarrollar para la celebraci\u00f3n de la \u201cFeria de Productos de RD\u201d en El Bronx, a efectuarse los pr\u00f3ximos d\u00edas 24 y 25 del presente mes y que ser\u00e1 dedicada a Higuey, provincia Altagracia.<\/p>\n\n\n\n<p>Durante una rueda de prensa en un restaurante de dicho condado, sus directivos Elida Almonte, presidente; Luciano V\u00e1squez, vicepresidente; Francisco Marte, secretario general, Manuel Peralta, tesorero; y Samuel S\u00e1nchez, director del consejo ejecutivo; dieron a conocer las diferentes actividades previo a la celebraci\u00f3n del evento.<\/p>\n\n\n\n<p>Por su parte, Almonte manifest\u00f3 que entre las actividades se encuentran la cena gala empresarial, a efectuarse este jueves de 7:00 a 11:00 PM, en el exclusivo local \u201cMaestro\u2019s Caterers Banquet Hall\u201d, ubicado en el 1703 de la avenida Bronxdale, en el mencionado condado.<\/p>\n\n\n\n<p>Asimismo, se rendir\u00e1 homenaje al ingeniero Dario Yunes, para continuar el pr\u00f3ximo s\u00e1bado y domingo con la exhibici\u00f3n de los productos quisqueyanos en Walter Gladwin Park (Tremont Park), ubicado en la avenida Tremont con la avenida Arthur en el mismo Bronx.<\/p>\n\n\n\n<p>Ah\u00ed toda la comunidad disfrutar\u00e1 de la degustaci\u00f3n de los productos nacionales que presenta el Consulado dominicano en NY; Pro-Dominicana; y el Ministerio de Agricultura quienes dar\u00e1n a conocer la calidad de nuestros productos.<\/p>\n\n\n\n<p>Adem\u00e1s, tendremos degustaci\u00f3n de diferentes platos t\u00edpicos y varios \u201ccooking shows\u201d que realizar\u00e1n los chef especializados, junto al alcalde de Higuey y su delegaci\u00f3n, dijo Almonte.<\/p>\n\n\n\n<p>Tambi\u00e9n, se presentar\u00e1 un pabell\u00f3n educativo donde el doctor Douglas M\u00e9ndez, miembro de la Asociaci\u00f3n M\u00e9dica Dominicana (AMD), impartir\u00e1 orientaci\u00f3n sobre nutrici\u00f3n para conocer como mejorar la salud de la comunidad.<\/p>\n\n\n\n<p>Habr\u00e1 talleres sobre exportaci\u00f3n, marketing y emprendimiento empresarial a cargo del economista Jairo Mart\u00ednez, PHD y&nbsp;&nbsp;CEO de Mac Institute USA, sostuvo Almonte.<\/p>\n\n\n\n<p>El evento contar\u00e1 con la presencia de restaurantes y otras empresas para hacer del festival una experiencia memorable, subray\u00f3.<\/p>\n\n\n\n<p>\u201cCabe se\u00f1alar que durante esos dos dias la alcald\u00eda de NYC estar\u00e1 vacunando contra el Covid-19 e invitamos a todo aquel que a\u00fan no ha recibido la vacuna aprovechar la ocasi\u00f3n para inocularse,\u201d sentenci\u00f3.<\/p>\n\n\n\n<p>\u201cNuestro objetivo es unir a la comunidad en un evento donde el saz\u00f3n criollo sea la pega que nos una a todos, precis\u00f3.<\/p>\n\n\n\n<p>En representaci\u00f3n del consulado, asistieron el vicec\u00f3nsul Carlos Dom\u00ednguez; por la AMD, el doctor Douglas M\u00e9ndez; el ex embajador ante la ONU, Francis Lorenzo; F\u00e9lix Pi\u00f3n, por la provincia de Higuey; y Joel Rijo, entre otros.<\/p>\n\n\n\n<p>Como invitados especiales la asamble\u00edsta Carmen de la Rosa, elegida al Concejo Municipal por el Distrito 10 en el Alto Manhattan;&nbsp;&nbsp;el concejal y reverendo Fernando Cabrera, quien bendijo el acto; el presidente de la Fundaci\u00f3n Esperanza, Dave Valle, y su asesora Grace Fern\u00e1ndez, entre otros.<\/p>\n\n\n\n<p>Para mayor informaci\u00f3n (646) 326-6052.<\/p>\n","protected":false},"excerpt":{"rendered":"<p>diariodominicano.com Por Ram\u00f3n Mercedes&nbsp; NUEVA YORK, 21 de julio, 2021.-\u00a0La \u201cC\u00e1mara de Comercio Dominicana en USA\u201d dio a conocer la agenda a desarrollar para la celebraci\u00f3n de la \u201cFeria de Productos de RD\u201d en El Bronx, a efectuarse los pr\u00f3ximos d\u00edas 24 y 25 del presente mes y que ser\u00e1 dedicada a Higuey, provincia Altagracia. [&hellip;]<\/p>\n","protected":false},"author":5,"featured_media":288251,"comment_status":"closed","ping_status":"","sticky":true,"template":"","format":"standard","meta":{"footnotes":""},"categories":[18,27],"tags":[],"class_list":["post-288250","post","type-post","status-publish","format-standard","has-post-thumbnail","hentry","category-economia","category-portada"],"_links":{"self":[{"href":"https:\/\/diariodominicano.com\/index.php?rest_route=\/wp\/v2\/posts\/288250","targetHints":{"allow":["GET"]}}],"collection":[{"href":"https:\/\/diariodominicano.com\/index.php?rest_route=\/wp\/v2\/posts"}],"about":[{"href":"https:\/\/diariodominicano.com\/index.php?rest_route=\/wp\/v2\/types\/post"}],"author":[{"embeddable":true,"href":"https:\/\/diariodominicano.com\/index.php?rest_route=\/wp\/v2\/users\/5"}],"replies":[{"embeddable":true,"href":"https:\/\/diariodominicano.com\/index.php?rest_route=%2Fwp%2Fv2%2Fcomments&post=288250"}],"version-history":[{"count":1,"href":"https:\/\/diariodominicano.com\/index.php?rest_route=\/wp\/v2\/posts\/288250\/revisions"}],"predecessor-version":[{"id":288252,"href":"https:\/\/diariodominicano.com\/index.php?rest_route=\/wp\/v2\/posts\/288250\/revisions\/288252"}],"wp:featuredmedia":[{"embeddable":true,"href":"https:\/\/diariodominicano.com\/index.php?rest_route=\/wp\/v2\/media\/288251"}],"wp:attachment":[{"href":"https:\/\/diariodominicano.com\/index.php?rest_route=%2Fwp%2Fv2%2Fmedia&parent=288250"}],"wp:term":[{"taxonomy":"category","embeddable":true,"href":"https:\/\/diariodominicano.com\/index.php?rest_route=%2Fwp%2Fv2%2Fcategories&post=288250"},{"taxonomy":"post_tag","embeddable":true,"href":"https:\/\/diariodominicano.com\/index.php?rest_route=%2Fwp%2Fv2%2Ftags&post=288250"}],"curies":[{"name":"wp","href":"https:\/\/api.w.org\/{rel}","templated":true}]}}