{"id":288247,"date":"2021-07-21T23:33:10","date_gmt":"2021-07-22T03:33:10","guid":{"rendered":"http:\/\/diariodominicano.com\/?p=288247"},"modified":"2021-07-21T23:33:10","modified_gmt":"2021-07-22T03:33:10","slug":"extienden-por-un-mes-mas-las-restricciones-en-fronteras-entre-mexico-y-ee-uu","status":"publish","type":"post","link":"https:\/\/diariodominicano.com\/?p=288247","title":{"rendered":"Extienden por un mes m\u00e1s las restricciones en fronteras entre M\u00e9xico y EE. UU."},"content":{"rendered":"\n<p>diariodominicano.com<a rel=\"noreferrer noopener\" href=\"http:\/\/home.xinhua-news.com\/gdsdetailxhs\/share\/9694855-?pageflag=iframe\" target=\"_blank\"><\/a><\/p>\n\n\n\n<pre id=\"text-news-description\" class=\"wp-block-preformatted\">   M\u00c9XICO, 21 jul (Xinhua) -- Las restricciones a los viajes no esenciales en la frontera entre M\u00e9xico y Estados Unidos se extender\u00e1n hasta el pr\u00f3ximo 21 de agosto, anunci\u00f3 hoy la Canciller\u00eda mexicana.\n   La nueva extensi\u00f3n de la medida fue tomada por Estados Unidos, en tanto que M\u00e9xico continuar\u00e1 con las gestiones para reabrir la frontera a trav\u00e9s de di\u00e1logos bilaterales y la intensa campa\u00f1a de vacunaci\u00f3n realizada en los municipios fronterizos, explic\u00f3 a trav\u00e9s de su cuenta en Twitter la Secretar\u00eda de Relaciones Exteriores (Canciller\u00eda) de M\u00e9xico.\n   M\u00e9xico continuar\u00e1 \"con el di\u00e1logo bilateral y reitera que el ritmo acelerado de vacunaci\u00f3n contra COVID-19 en la frontera genera condiciones para avanzar en mutuo beneficio\", escribi\u00f3 la oficina gubernamental mexicana.\n   Por su parte, y en breves declaraciones a la prensa, el Canciller mexicano, Marcelo Ebrard aclar\u00f3 que en M\u00e9xico se respetar\u00e1 la determinaci\u00f3n de EE.UU.,  pa\u00eds que justifica la extensi\u00f3n a ra\u00edz de la expansi\u00f3n de la variante Delta del nuevo coronavirus en ambos lados.\n   La medida en frontera, que se ha extendido cada mes desde su comienzo, restringe los viajes con fines tur\u00edsticos o de compras y no afecta el tr\u00e1nsito del comercio o por otros motivos considerados esenciales, como el paso de mercanc\u00edas, as\u00ed como los cruces por trabajo o salud. <\/pre>\n","protected":false},"excerpt":{"rendered":"<p>diariodominicano.com M\u00c9XICO, 21 jul (Xinhua) &#8212; Las restricciones a los viajes no esenciales en la frontera entre M\u00e9xico y Estados Unidos se extender\u00e1n hasta el pr\u00f3ximo 21 de agosto, anunci\u00f3 hoy la Canciller\u00eda mexicana. La nueva extensi\u00f3n de la medida fue tomada por Estados Unidos, en tanto que M\u00e9xico continuar\u00e1 con las gestiones para reabrir [&hellip;]<\/p>\n","protected":false},"author":5,"featured_media":288248,"comment_status":"closed","ping_status":"","sticky":true,"template":"","format":"standard","meta":{"footnotes":""},"categories":[23,27],"tags":[],"class_list":["post-288247","post","type-post","status-publish","format-standard","has-post-thumbnail","hentry","category-internacional","category-portada"],"_links":{"self":[{"href":"https:\/\/diariodominicano.com\/index.php?rest_route=\/wp\/v2\/posts\/288247","targetHints":{"allow":["GET"]}}],"collection":[{"href":"https:\/\/diariodominicano.com\/index.php?rest_route=\/wp\/v2\/posts"}],"about":[{"href":"https:\/\/diariodominicano.com\/index.php?rest_route=\/wp\/v2\/types\/post"}],"author":[{"embeddable":true,"href":"https:\/\/diariodominicano.com\/index.php?rest_route=\/wp\/v2\/users\/5"}],"replies":[{"embeddable":true,"href":"https:\/\/diariodominicano.com\/index.php?rest_route=%2Fwp%2Fv2%2Fcomments&post=288247"}],"version-history":[{"count":1,"href":"https:\/\/diariodominicano.com\/index.php?rest_route=\/wp\/v2\/posts\/288247\/revisions"}],"predecessor-version":[{"id":288249,"href":"https:\/\/diariodominicano.com\/index.php?rest_route=\/wp\/v2\/posts\/288247\/revisions\/288249"}],"wp:featuredmedia":[{"embeddable":true,"href":"https:\/\/diariodominicano.com\/index.php?rest_route=\/wp\/v2\/media\/288248"}],"wp:attachment":[{"href":"https:\/\/diariodominicano.com\/index.php?rest_route=%2Fwp%2Fv2%2Fmedia&parent=288247"}],"wp:term":[{"taxonomy":"category","embeddable":true,"href":"https:\/\/diariodominicano.com\/index.php?rest_route=%2Fwp%2Fv2%2Fcategories&post=288247"},{"taxonomy":"post_tag","embeddable":true,"href":"https:\/\/diariodominicano.com\/index.php?rest_route=%2Fwp%2Fv2%2Ftags&post=288247"}],"curies":[{"name":"wp","href":"https:\/\/api.w.org\/{rel}","templated":true}]}}