{"id":288238,"date":"2021-07-21T23:05:25","date_gmt":"2021-07-22T03:05:25","guid":{"rendered":"http:\/\/diariodominicano.com\/?p=288238"},"modified":"2021-07-21T23:05:25","modified_gmt":"2021-07-22T03:05:25","slug":"participacion-ciudadana-realiza-conferencia-virtual-sobre-el-enfrentamiento-de-la-violencia-armada-a-nivel-regional","status":"publish","type":"post","link":"https:\/\/diariodominicano.com\/?p=288238","title":{"rendered":"Participaci\u00f3n Ciudadana realiza conferencia virtual sobre el enfrentamiento de la violencia armada a nivel regional"},"content":{"rendered":"\n<p>diariodominicano.com<\/p>\n\n\n\n<p><strong>Santo Domingo, R. D.,  21 de julio, 2021.- \u00a0<\/strong>El movimiento c\u00edvico Participaci\u00f3n Ciudadana, realiz\u00f3 la\u00a0conferencia virtual: \u201cBuenas Pr\u00e1cticas en el enfrentamiento de la violencia armada a nivel regional: Aprendizajes y Retos para Rep\u00fablica Dominicana\u201d, la cual se desarroll\u00f3 en coordinaci\u00f3n con el Ministerio de Interior y Polic\u00eda,\u00a0la Fundaci\u00f3n Friedrich-Ebert-Stiftung\u00a0(FES), Patio Com\u00fan\u00a0y\u00a0el Ayuntamiento\u00a0de Santo Domingo Este.<\/p>\n\n\n\n<p>Los panelistas Luisa Dammert,<strong>&nbsp;<\/strong>reconocida experta chilena y profesora Asociada de la Universidad de Santiago de Chile; y Jes\u00fas Feliz, viceministro de seguridad interior del Ministerio de Interior y Polic\u00eda compartieron con los participantes sus experiencias en materia de&nbsp;seguridad p\u00fablica, y en procesos de reforma del sector de seguridad en Am\u00e9rica Latina&nbsp;y la Rep\u00fablica Dominicana.<\/p>\n\n\n\n<p>Luisa Dammert, asegur\u00f3 que es necesario que las pol\u00edticas p\u00fablicas para enfrentar la violencia armada est\u00e9n concentradas en personas prioritarias, es decir en aquellas que corren m\u00e1s riesgo de ser v\u00edctimas de violencia urbana o de desarrollarla; j\u00f3venes, minor\u00edas, zonas vulnerables.<\/p>\n\n\n\n<p>\u201cEs necesario hacer un equilibro entre el control y la prevenci\u00f3n para mantener a los individuos de alto riesgo fuera de posibles problemas, pero tambi\u00e9n mantener mecanismos de apoyo la comunidad y el aumento de las consecuencias del mal comportamiento\u201d, dijo, adem\u00e1s.<\/p>\n\n\n\n<p>Dammert, enfatiz\u00f3 que tambi\u00e9n se debe utilizar la equidad como una herramienta para establecer la legitimidad del gobierno y para aumentar los niveles de cumplimiento de las leyes.<\/p>\n\n\n\n<p>Durante su intervenci\u00f3n el viceministro de seguridad interior del Ministerio de Interior y Polic\u00eda, Jes\u00fas Feliz, afirm\u00f3 que uno de los problemas y que vincula tambi\u00e9n a la fuerza del orden y que vincula al Estado como corresponsable de esos niveles de criminalidad que se han dado en la Rep\u00fablica Dominicana tiene que ver mucho con jugar a la falta de control.<\/p>\n\n\n\n<p>\u201cEn la Rep\u00fablica Dominicana las armas ingresan a trav\u00e9s de los puertos, de los aeropuertos y a trav\u00e9s de la frontera que es muy porosa y extensa para las capacidades que nosotros tenemos como pa\u00eds.&nbsp; Es por ello que para implementar un plan sostenible en el tiempo de desarme de la poblaci\u00f3n civil debemos tener mayores niveles de controles, rigurosos controles en los puertos en los aeropuertos y en la frontera, y especial nivel de cuidado con los cargamentos de droga que entran al pa\u00eds\u201d, destac\u00f3.<\/p>\n\n\n\n<p>Jes\u00fas Feliz, refiri\u00f3, adem\u00e1s que el 80% de los cargamentos de narc\u00f3ticos que vienen de Sur Am\u00e9rica a la Rep\u00fablica Dominicana vienen con sus armas de resguardo, y esas armas no regresan a Sur Am\u00e9rica, sino que por lo general se quedan en Rep\u00fablica Dominicana.<\/p>\n\n\n\n<p>Participaci\u00f3n Ciudadana extiende la invitaci\u00f3n a la pr\u00f3xima conferencia virtual \u201cNarcomenudeo y microtr\u00e1fico \/ J\u00f3venes e ilegalidad: Aprendizajes y Retos para Rep\u00fablica Dominicana\u201d, la cual tendr\u00e1 lugar el martes 27 de julio a las 10:00 am. Para mayor informaci\u00f3n sobre el registro acceder a las redes sociales de la instituci\u00f3n @pciudadana<\/p>\n\n\n\n<p>Fuente: <strong>Prensa Participaci\u00f3n Ciudadana<\/strong><\/p>\n\n\n\n<p><strong>21 de julio de 2021<\/strong><\/p>\n","protected":false},"excerpt":{"rendered":"<p>diariodominicano.com Santo Domingo, R. D., 21 de julio, 2021.- \u00a0El movimiento c\u00edvico Participaci\u00f3n Ciudadana, realiz\u00f3 la\u00a0conferencia virtual: \u201cBuenas Pr\u00e1cticas en el enfrentamiento de la violencia armada a nivel regional: Aprendizajes y Retos para Rep\u00fablica Dominicana\u201d, la cual se desarroll\u00f3 en coordinaci\u00f3n con el Ministerio de Interior y Polic\u00eda,\u00a0la Fundaci\u00f3n Friedrich-Ebert-Stiftung\u00a0(FES), Patio Com\u00fan\u00a0y\u00a0el Ayuntamiento\u00a0de Santo Domingo [&hellip;]<\/p>\n","protected":false},"author":5,"featured_media":288239,"comment_status":"closed","ping_status":"","sticky":true,"template":"","format":"standard","meta":{"footnotes":""},"categories":[20,27],"tags":[],"class_list":["post-288238","post","type-post","status-publish","format-standard","has-post-thumbnail","hentry","category-dominicana-hoy","category-portada"],"_links":{"self":[{"href":"https:\/\/diariodominicano.com\/index.php?rest_route=\/wp\/v2\/posts\/288238","targetHints":{"allow":["GET"]}}],"collection":[{"href":"https:\/\/diariodominicano.com\/index.php?rest_route=\/wp\/v2\/posts"}],"about":[{"href":"https:\/\/diariodominicano.com\/index.php?rest_route=\/wp\/v2\/types\/post"}],"author":[{"embeddable":true,"href":"https:\/\/diariodominicano.com\/index.php?rest_route=\/wp\/v2\/users\/5"}],"replies":[{"embeddable":true,"href":"https:\/\/diariodominicano.com\/index.php?rest_route=%2Fwp%2Fv2%2Fcomments&post=288238"}],"version-history":[{"count":1,"href":"https:\/\/diariodominicano.com\/index.php?rest_route=\/wp\/v2\/posts\/288238\/revisions"}],"predecessor-version":[{"id":288240,"href":"https:\/\/diariodominicano.com\/index.php?rest_route=\/wp\/v2\/posts\/288238\/revisions\/288240"}],"wp:featuredmedia":[{"embeddable":true,"href":"https:\/\/diariodominicano.com\/index.php?rest_route=\/wp\/v2\/media\/288239"}],"wp:attachment":[{"href":"https:\/\/diariodominicano.com\/index.php?rest_route=%2Fwp%2Fv2%2Fmedia&parent=288238"}],"wp:term":[{"taxonomy":"category","embeddable":true,"href":"https:\/\/diariodominicano.com\/index.php?rest_route=%2Fwp%2Fv2%2Fcategories&post=288238"},{"taxonomy":"post_tag","embeddable":true,"href":"https:\/\/diariodominicano.com\/index.php?rest_route=%2Fwp%2Fv2%2Ftags&post=288238"}],"curies":[{"name":"wp","href":"https:\/\/api.w.org\/{rel}","templated":true}]}}