{"id":288232,"date":"2021-07-21T22:54:29","date_gmt":"2021-07-22T02:54:29","guid":{"rendered":"http:\/\/diariodominicano.com\/?p=288232"},"modified":"2021-07-21T22:54:29","modified_gmt":"2021-07-22T02:54:29","slug":"presidente-abinader-califica-de-actitud-patriotica-la-recuperacion-de-los-terrenos-del-estado","status":"publish","type":"post","link":"https:\/\/diariodominicano.com\/?p=288232","title":{"rendered":"Presidente Abinader califica de actitud patri\u00f3tica la recuperaci\u00f3n de los terrenos del Estado"},"content":{"rendered":"\n<p>diariodominicano.com<\/p>\n\n\n\n<p>Santo Domingo, R. D., 21 de julio, 2021.- \u201cEs necesario que el patrimonio com\u00fan de los dominicanos sea explotado a favor del pueblo, pero, sobre todo, para aquellos que m\u00e1s necesitan un espacio donde vivir o trabajar\u201d, advirti\u00f3 el presidente Luis Abinader.<\/p>\n\n\n\n<p>El jefe de Estado hizo el se\u00f1alamiento al juramentar este mi\u00e9rcoles la Comisi\u00f3n de Recuperaci\u00f3n de Terrenos del Estado en el Palacio Nacional.<\/p>\n\n\n\n<p>\u201cEsta comisi\u00f3n asume la misi\u00f3n de inventariar todos los terrenos propiedad del Estado, auditar las operaciones inmobiliarias de que han sido objeto y determinar la vocaci\u00f3n de uso de estos\u201d, dijo el presidente Abinader.<\/p>\n\n\n\n<p>Consider\u00f3 importante hacer eficientes los actos de levantamientos, modificaciones y actualizaciones parcelarias que permitan regularizar dichos terrenos y su tenencia, as\u00ed como decidir sobre su aprovechamiento por parte de otras instituciones del Estado.<\/p>\n\n\n\n<p>El presidente Abinader dijo que en inter\u00e9s de dar un paso m\u00e1s e ir m\u00e1s r\u00e1pido, el Gobierno ha decidido ampliar el radio de acci\u00f3n de la Comisi\u00f3n Evaluadora de los Terrenos Registrados a nombre de los Ingenios Azucareros del Consejo Estatal del Az\u00facar para que su objeto abarque todos los terrenos propiedad del Estado.<\/p>\n\n\n\n<p>El primer mandatario record\u00f3 que tradicionalmente los terrenos que constituyen parte del patrimonio p\u00fablico han estado en manos de particulares y en muchos casos han sido objeto de un uso inadecuado y subutilizados.<\/p>\n\n\n\n<p>\u201cHoy es uno de eso d\u00edas en los que se constata que con acciones decididas y pol\u00edticas planificadas se pueden ensanchar los m\u00e1rgenes de un pa\u00eds y hacerlo m\u00e1s justo, inclusivo y efectivo\u201d, manifest\u00f3 Abinader.<\/p>\n\n\n\n<p>Plante\u00f3 que el Estado est\u00e1 llamado, constitucionalmente, a proteger y garantizar el derecho de propiedad y promover el acceso a la propiedad inmobiliaria titulada.<\/p>\n\n\n\n<p>En ese sentido, indic\u00f3 que han desplegado desde el gobierno una intensa actividad que nos ha permitido ya titular miles de viviendas y terrenos en todo el pa\u00eds.<\/p>\n\n\n\n<p>\u201cEste es un programa del que me siento realmente orgulloso porque mejora directamente la calidad de vida de la gente y les da certidumbre y esperanza a sus vidas\u201d, expres\u00f3 el mandatario.<\/p>\n\n\n\n<p><strong>Actitud patri\u00f3tica<\/strong><\/p>\n\n\n\n<p>El presidente Abinader llam\u00f3 la atenci\u00f3n sobre la importancia de la labor que se pone en manos de la Comisi\u00f3n y exhort\u00f3 a sus integrantes a que, en una actitud patri\u00f3tica, pongan todo su empe\u00f1o en lograr el objetivo planteado.<\/p>\n\n\n\n<p>\u201cComo les he mencionado al principio, est\u00e1 en nuestras manos hacer m\u00e1s grande este pa\u00eds, m\u00e1s justo y m\u00e1s eficiente\u201d, enfatiz\u00f3.<\/p>\n\n\n\n<p>Reconoci\u00f3 que el camino es duro, pero la meta es irrenunciable, por lo que todos tienen que cumplir con su deber.<\/p>\n\n\n\n<p><strong>La comisi\u00f3n<\/strong><\/p>\n\n\n\n<p>La Comisi\u00f3n de Recuperaci\u00f3n de Terrenos Estado estar\u00e1 presidida por Rafael Presbiterio Mej\u00eda Guerrero y lo acompa\u00f1ar\u00e1 Jhon Richard Paniagua Feliz, quien fungir\u00e1 como secretario ejecutivo.&nbsp;<\/p>\n\n\n\n<p>El resto del equipo que lo componen son: Francisco Jos\u00e9 Torres \u00c1lvarez; el director general de Bienes Nacionales, C\u00e9sar Cede\u00f1o; M\u00e9rido Torres, director de la Comisi\u00f3n Permanente de Titulaci\u00f3n del Estado; el director general del Catastro Nacional, H\u00e9ctor P\u00e9rez Mirambeaux; el director general del Instituto Agrario Dominicano, Danilo del Rosario; el contralor general de la Rep\u00fablica, Catalino Correa Hiciano.<\/p>\n\n\n\n<p>Acompa\u00f1aron al presidente en el acto, Antoliano Peralta, Consultor Jur\u00eddico del Poder Ejecutivo y Efren Cuello, enlace del Poder Ejecutivo con la Comisi\u00f3n Permanente de Titulaci\u00f3n.<\/p>\n\n\n\n<p>Fuente: Direcci\u00f3n de prensa<\/p>\n\n\n\n<p>Presidencia de la Rep\u00fablica Dominicana<\/p>\n","protected":false},"excerpt":{"rendered":"<p>diariodominicano.com Santo Domingo, R. D., 21 de julio, 2021.- \u201cEs necesario que el patrimonio com\u00fan de los dominicanos sea explotado a favor del pueblo, pero, sobre todo, para aquellos que m\u00e1s necesitan un espacio donde vivir o trabajar\u201d, advirti\u00f3 el presidente Luis Abinader. El jefe de Estado hizo el se\u00f1alamiento al juramentar este mi\u00e9rcoles la [&hellip;]<\/p>\n","protected":false},"author":5,"featured_media":288233,"comment_status":"closed","ping_status":"","sticky":true,"template":"","format":"standard","meta":{"footnotes":""},"categories":[20,27],"tags":[],"class_list":["post-288232","post","type-post","status-publish","format-standard","has-post-thumbnail","hentry","category-dominicana-hoy","category-portada"],"_links":{"self":[{"href":"https:\/\/diariodominicano.com\/index.php?rest_route=\/wp\/v2\/posts\/288232","targetHints":{"allow":["GET"]}}],"collection":[{"href":"https:\/\/diariodominicano.com\/index.php?rest_route=\/wp\/v2\/posts"}],"about":[{"href":"https:\/\/diariodominicano.com\/index.php?rest_route=\/wp\/v2\/types\/post"}],"author":[{"embeddable":true,"href":"https:\/\/diariodominicano.com\/index.php?rest_route=\/wp\/v2\/users\/5"}],"replies":[{"embeddable":true,"href":"https:\/\/diariodominicano.com\/index.php?rest_route=%2Fwp%2Fv2%2Fcomments&post=288232"}],"version-history":[{"count":1,"href":"https:\/\/diariodominicano.com\/index.php?rest_route=\/wp\/v2\/posts\/288232\/revisions"}],"predecessor-version":[{"id":288234,"href":"https:\/\/diariodominicano.com\/index.php?rest_route=\/wp\/v2\/posts\/288232\/revisions\/288234"}],"wp:featuredmedia":[{"embeddable":true,"href":"https:\/\/diariodominicano.com\/index.php?rest_route=\/wp\/v2\/media\/288233"}],"wp:attachment":[{"href":"https:\/\/diariodominicano.com\/index.php?rest_route=%2Fwp%2Fv2%2Fmedia&parent=288232"}],"wp:term":[{"taxonomy":"category","embeddable":true,"href":"https:\/\/diariodominicano.com\/index.php?rest_route=%2Fwp%2Fv2%2Fcategories&post=288232"},{"taxonomy":"post_tag","embeddable":true,"href":"https:\/\/diariodominicano.com\/index.php?rest_route=%2Fwp%2Fv2%2Ftags&post=288232"}],"curies":[{"name":"wp","href":"https:\/\/api.w.org\/{rel}","templated":true}]}}