{"id":288221,"date":"2021-07-21T22:46:48","date_gmt":"2021-07-22T02:46:48","guid":{"rendered":"http:\/\/diariodominicano.com\/?p=288221"},"modified":"2021-07-21T22:47:24","modified_gmt":"2021-07-22T02:47:24","slug":"los-tiempos-feroces-de-leonardo-padron-a-debate-en-un-encuentro-con-cesar-miguel-rondon","status":"publish","type":"post","link":"https:\/\/diariodominicano.com\/?p=288221","title":{"rendered":"Los \u201cTiempos feroces\u201d de Leonardo Padr\u00f3n a debate en un encuentro con C\u00e9sar Miguel Rond\u00f3n"},"content":{"rendered":"\n<p><strong>El p\u00fablico podr\u00e1 seguir el evento en directo a trav\u00e9s de zoom<\/strong><\/p>\n\n\n\n<p><strong>TeatroZoom<\/strong>, la plataforma creada por las actrices Catherina Cardozo y Nohely Arteaga, permitir\u00e1 que quienes lo deseen puedan acceder al encuentro que, este pr\u00f3ximo 28 de julio, se celebrar\u00e1 entre dos figuras especialmente queridas para los venezolanos: el escritor Leonardo Padr\u00f3n y el periodista C\u00e9sar Miguel Rond\u00f3n. <\/p>\n\n\n\n<p>El encuentro, que se celebrar\u00e1 en torno a la m\u00e1s reciente obra de Padr\u00f3n, <strong><em>Tiempos Feroces<\/em><\/strong>, reviste especial inter\u00e9s por la envergadura de sus protagonistas, ambos comprometidos con la causa de una Venezuela en la que priven el derecho y la institucionalidad. <\/p>\n\n\n\n<div class=\"wp-block-image is-style-default\"><figure class=\"alignleft size-large is-resized\"><img loading=\"lazy\" decoding=\"async\" src=\"https:\/\/diariodominicano.com\/wp-content\/uploads\/2021\/07\/image-37.png\" alt=\"\" class=\"wp-image-288225\" width=\"210\" height=\"315\" srcset=\"https:\/\/diariodominicano.com\/wp-content\/uploads\/2021\/07\/image-37.png 375w, https:\/\/diariodominicano.com\/wp-content\/uploads\/2021\/07\/image-37-200x300.png 200w\" sizes=\"auto, (max-width: 210px) 100vw, 210px\" \/><\/figure><\/div>\n\n\n\n<p>Padr\u00f3n, a lo largo del libro, expone a trav\u00e9s de una prosa subyugante la consternaci\u00f3n que le produce el creciente deterioro moral y material de su patria (hablar\u00e1 en alg\u00fan punto de <em>El pa\u00eds democr\u00e1tico hundido en el detritus de nuestro propio fracaso como naci\u00f3n<\/em>), mientras se afana en dejar constancia de los desmanes cometidos contra sus connacionales.<\/p>\n\n\n\n<p>Leonardo Padr\u00f3n es autor de m\u00e1s de veinte t\u00edtulos, que van desde la poes\u00eda a la cr\u00f3nica, del libro de entrevistas a la literatura infantil, del ensayo al teatro. Actualmente reside en los Estados Unidos, desde donde escribe tambi\u00e9n para televisi\u00f3n abierta y diversas plataformas internacionales.<\/p>\n\n\n\n<div class=\"wp-block-image is-style-default\"><figure class=\"alignright size-large is-resized\"><img loading=\"lazy\" decoding=\"async\" src=\"https:\/\/diariodominicano.com\/wp-content\/uploads\/2021\/07\/image-39.png\" alt=\"\" class=\"wp-image-288227\" width=\"247\" height=\"315\" srcset=\"https:\/\/diariodominicano.com\/wp-content\/uploads\/2021\/07\/image-39.png 618w, https:\/\/diariodominicano.com\/wp-content\/uploads\/2021\/07\/image-39-235x300.png 235w\" sizes=\"auto, (max-width: 247px) 100vw, 247px\" \/><\/figure><\/div>\n\n\n\n<p>Por su parte, C\u00e9sar Miguel Rond\u00f3n ha sido productor y conductor de diferentes espacios que compendian m\u00fasica, noticias, entrevistas y opini\u00f3n, manteniendo a lo largo de 32 a\u00f1os un programa radial que es el referente matutino de los venezolanos.<\/p>\n\n\n\n<p>Para adquirir las entradas del evento, organizado por <strong>TeatroZoom<\/strong> en colaboraci\u00f3n con <strong>D\u00b4Ambrosio Producciones<\/strong>, es preciso ingresar al enlace https:\/\/www.teatrozoom.com\/tiempos-feroces-de-leonardo-padron, en el que tambi\u00e9n puede obtenerse mayor informaci\u00f3n acerca del encuentro y los detalles para adquirir el libro.<\/p>\n","protected":false},"excerpt":{"rendered":"<p>El p\u00fablico podr\u00e1 seguir el evento en directo a trav\u00e9s de zoom TeatroZoom, la plataforma creada por las actrices Catherina Cardozo y Nohely Arteaga, permitir\u00e1 que quienes lo deseen puedan acceder al encuentro que, este pr\u00f3ximo 28 de julio, se celebrar\u00e1 entre dos figuras especialmente queridas para los venezolanos: el escritor Leonardo Padr\u00f3n y el [&hellip;]<\/p>\n","protected":false},"author":7,"featured_media":288226,"comment_status":"closed","ping_status":"","sticky":true,"template":"","format":"standard","meta":{"footnotes":""},"categories":[21,27],"tags":[],"class_list":["post-288221","post","type-post","status-publish","format-standard","has-post-thumbnail","hentry","category-cultura","category-portada"],"_links":{"self":[{"href":"https:\/\/diariodominicano.com\/index.php?rest_route=\/wp\/v2\/posts\/288221","targetHints":{"allow":["GET"]}}],"collection":[{"href":"https:\/\/diariodominicano.com\/index.php?rest_route=\/wp\/v2\/posts"}],"about":[{"href":"https:\/\/diariodominicano.com\/index.php?rest_route=\/wp\/v2\/types\/post"}],"author":[{"embeddable":true,"href":"https:\/\/diariodominicano.com\/index.php?rest_route=\/wp\/v2\/users\/7"}],"replies":[{"embeddable":true,"href":"https:\/\/diariodominicano.com\/index.php?rest_route=%2Fwp%2Fv2%2Fcomments&post=288221"}],"version-history":[{"count":2,"href":"https:\/\/diariodominicano.com\/index.php?rest_route=\/wp\/v2\/posts\/288221\/revisions"}],"predecessor-version":[{"id":288231,"href":"https:\/\/diariodominicano.com\/index.php?rest_route=\/wp\/v2\/posts\/288221\/revisions\/288231"}],"wp:featuredmedia":[{"embeddable":true,"href":"https:\/\/diariodominicano.com\/index.php?rest_route=\/wp\/v2\/media\/288226"}],"wp:attachment":[{"href":"https:\/\/diariodominicano.com\/index.php?rest_route=%2Fwp%2Fv2%2Fmedia&parent=288221"}],"wp:term":[{"taxonomy":"category","embeddable":true,"href":"https:\/\/diariodominicano.com\/index.php?rest_route=%2Fwp%2Fv2%2Fcategories&post=288221"},{"taxonomy":"post_tag","embeddable":true,"href":"https:\/\/diariodominicano.com\/index.php?rest_route=%2Fwp%2Fv2%2Ftags&post=288221"}],"curies":[{"name":"wp","href":"https:\/\/api.w.org\/{rel}","templated":true}]}}