{"id":288200,"date":"2021-07-21T22:47:17","date_gmt":"2021-07-22T02:47:17","guid":{"rendered":"http:\/\/diariodominicano.com\/?p=288200"},"modified":"2021-07-21T22:47:17","modified_gmt":"2021-07-22T02:47:17","slug":"rectora-uasd-pondera-decision-incluir-oficinas-de-la-academia-en-el-dominican-center-de-ny","status":"publish","type":"post","link":"https:\/\/diariodominicano.com\/?p=288200","title":{"rendered":"Rectora UASD pondera decisi\u00f3n incluir oficinas de la academia en el Dominican Center de NY"},"content":{"rendered":"\n<p>diariodominicano.com<a rel=\"noreferrer noopener\" href=\"http:\/\/home.xinhua-news.com\/gdsdetailxhs\/share\/9694578-?pageflag=iframe\" target=\"_blank\"><\/a><\/p>\n\n\n\n<p>Santo Domingo, R. D., 21 de julio, 2021.- La rectora de la Universidad Aut\u00f3noma de Santo Domingo (UASD), doctora Emma Polanco Melo, ponder\u00f3 la decisi\u00f3n del presidente Luis Abinader, de disponer de un espacio para la academia en el edificio que alojar\u00e1 las dependencias gubernamentales de la Rep\u00fablica Dominicana en la ciudad de New York.<\/p>\n\n\n\n<p>El gobierno dominicano escogi\u00f3 una comisi\u00f3n que se encargar\u00e1 de la gesti\u00f3n legal para la adquisici\u00f3n de un edificio para alojar dependencias nacionales, como el Consulado Dominicano, el Comisionado de Cultura, la Junta Central Electoral, Turismo, Aduanas, UASD, INDEX, Pro Dominicana, Programas Especiales de la Presidencia, Correo, INFOTEP, Intrant, entre otras instituciones del Estado.<\/p>\n\n\n\n<p>La comisi\u00f3n presidencial encargada de este asunto fue creada mediante el Decreto presidencial 433-21 y est\u00e1 encabezada por el congresista Adriano Espaillat, el reconocido m\u00e9dico dominicano Rafael Lantigua y el expresidente de la Asociaci\u00f3n de Supermercados, NSA, Rodolfo Fuertes.<\/p>\n\n\n\n<p>Las oficinas de la UASD en esa ciudad estar\u00e1n alojadas en el edificio que llevar\u00e1 por nombre Dominican Center, que concentrar\u00e1 toda la actividad dominicana en un solo lugar.<\/p>\n\n\n\n<p>Recientemente, la<strong>&nbsp;<\/strong>rectora Polanco Melo inaugur\u00f3 las oficinas de la academia en esta ciudad, para permitir que miles de estudiantes puedan acceder&nbsp; a los servicios que ofrece la instituci\u00f3n sin tener que visitar el pa\u00eds<strong>. &nbsp;&nbsp;<\/strong>Las oficinas, que funcionar\u00e1n en la sede del Consulado dominicano en esta ciudad, ofrecer\u00e1n servicios a estudiantes de grado y de postgrado de manera virtual.&nbsp;<\/p>\n\n\n\n<p>La noticia ha sido de gran satisfacci\u00f3n para toda la comunidad dominicana residente en ese pa\u00eds, que podr\u00e1 contar con un espacio de su Alma M\u00e1ter allende los mares.<\/p>\n\n\n\n<p>\u201cCon esta apertura abrimos la posibilidad de que dominicanos que salieron del pa\u00eds sin haber concluido sus estudios profesionales puedan hacerlo de forma virtual y los que deseen cursar maestr\u00edas y especialidades tambi\u00e9n podr\u00e1n hacerlos\u201d, afirm\u00f3 la rectora. &nbsp;&nbsp;<\/p>\n\n\n\n<p>Polanco Melo agradeci\u00f3 al gobierno dominicano y al c\u00f3nsul criollo en New York, Eligio&nbsp; J\u00e1quez, quien en un primer momento cedi\u00f3 un espacio del Consulado para la instalaci\u00f3n de las oficinas de la Primada de Am\u00e9rica, a trav\u00e9s de la cual los dominicanos de la di\u00e1spora pueden solicitar en l\u00ednea documentos como r\u00e9cord de notas, copias y certificado de t\u00edtulos, entre otros.<\/p>\n\n\n\n<p>Actualmente, las oficinas de la UASD est\u00e1n ubicadas en el Consulado dominicano en NY,\u00a0 en la 1501 Broadway, piso 4 y el n\u00famero de tel\u00e9fono es\u00a0<a rel=\"noreferrer noopener\" href=\"tel:646-410-5284\" target=\"_blank\">646-410-5284<\/a>.<br><br>Fuente:  MA. Luis P\u00e9rez Nova<\/p>\n\n\n\n<p>Director de Relaciones P\u00fablicas<\/p>\n\n\n\n<p><strong>Relaciones P\u00fablicas<\/strong><\/p>\n","protected":false},"excerpt":{"rendered":"<p>diariodominicano.com Santo Domingo, R. D., 21 de julio, 2021.- La rectora de la Universidad Aut\u00f3noma de Santo Domingo (UASD), doctora Emma Polanco Melo, ponder\u00f3 la decisi\u00f3n del presidente Luis Abinader, de disponer de un espacio para la academia en el edificio que alojar\u00e1 las dependencias gubernamentales de la Rep\u00fablica Dominicana en la ciudad de New [&hellip;]<\/p>\n","protected":false},"author":5,"featured_media":288229,"comment_status":"closed","ping_status":"","sticky":true,"template":"","format":"standard","meta":{"footnotes":""},"categories":[21,27],"tags":[],"class_list":["post-288200","post","type-post","status-publish","format-standard","has-post-thumbnail","hentry","category-cultura","category-portada"],"_links":{"self":[{"href":"https:\/\/diariodominicano.com\/index.php?rest_route=\/wp\/v2\/posts\/288200","targetHints":{"allow":["GET"]}}],"collection":[{"href":"https:\/\/diariodominicano.com\/index.php?rest_route=\/wp\/v2\/posts"}],"about":[{"href":"https:\/\/diariodominicano.com\/index.php?rest_route=\/wp\/v2\/types\/post"}],"author":[{"embeddable":true,"href":"https:\/\/diariodominicano.com\/index.php?rest_route=\/wp\/v2\/users\/5"}],"replies":[{"embeddable":true,"href":"https:\/\/diariodominicano.com\/index.php?rest_route=%2Fwp%2Fv2%2Fcomments&post=288200"}],"version-history":[{"count":1,"href":"https:\/\/diariodominicano.com\/index.php?rest_route=\/wp\/v2\/posts\/288200\/revisions"}],"predecessor-version":[{"id":288230,"href":"https:\/\/diariodominicano.com\/index.php?rest_route=\/wp\/v2\/posts\/288200\/revisions\/288230"}],"wp:featuredmedia":[{"embeddable":true,"href":"https:\/\/diariodominicano.com\/index.php?rest_route=\/wp\/v2\/media\/288229"}],"wp:attachment":[{"href":"https:\/\/diariodominicano.com\/index.php?rest_route=%2Fwp%2Fv2%2Fmedia&parent=288200"}],"wp:term":[{"taxonomy":"category","embeddable":true,"href":"https:\/\/diariodominicano.com\/index.php?rest_route=%2Fwp%2Fv2%2Fcategories&post=288200"},{"taxonomy":"post_tag","embeddable":true,"href":"https:\/\/diariodominicano.com\/index.php?rest_route=%2Fwp%2Fv2%2Ftags&post=288200"}],"curies":[{"name":"wp","href":"https:\/\/api.w.org\/{rel}","templated":true}]}}