{"id":288193,"date":"2021-07-21T22:38:40","date_gmt":"2021-07-22T02:38:40","guid":{"rendered":"http:\/\/diariodominicano.com\/?p=288193"},"modified":"2021-07-21T22:38:40","modified_gmt":"2021-07-22T02:38:40","slug":"peru-ratifica-acuerdo-transpacifico","status":"publish","type":"post","link":"https:\/\/diariodominicano.com\/?p=288193","title":{"rendered":"Per\u00fa ratifica Acuerdo Transpac\u00edfico"},"content":{"rendered":"\n<h3 class=\"wp-block-heading\">diariodominicano.com<a rel=\"noreferrer noopener\" href=\"http:\/\/home.xinhua-news.com\/gdsdetailxhs\/share\/9694578-?pageflag=iframe\" target=\"_blank\"><\/a><\/h3>\n\n\n\n<pre id=\"text-news-description\" class=\"wp-block-preformatted\">   LIMA, 21 jul (Xinhua) -- El presidente peruano, Francisco Sagasti, ratific\u00f3 este mi\u00e9rcoles el Tratado Integral y Progresista de Asociaci\u00f3n Transpac\u00edfico (CPTPP por sus siglas en ingl\u00e9s), que representa un mercado de 500 millones de consumidores.\n   Con la entrada en vigencia de este acuerdo multilateral, dentro de 60 d\u00edas, este pa\u00eds andino abre nuevas oportunidades de negocios en tres continentes de donde proceden las econom\u00edas asociadas.\n   La ministra de Comercio Exterior y Turismo, Claudia Cornejo, resalt\u00f3 que este acuerdo mejorar\u00e1 las exportaciones a Australia, Brunei Darussalam, Canad\u00e1, Chile, Malasia, M\u00e9xico, Jap\u00f3n, Nueva Zelanda, Singapur y Vietnam.\n   \"Incluye cap\u00edtulos muy interesantes de apoyo a la peque\u00f1a y mediana empresa. Tambi\u00e9n tiene una secci\u00f3n que trata de cooperaci\u00f3n en t\u00e9rminos de desarrollo con especial \u00e9nfasis en temas de ciencia y tecnolog\u00eda\", anot\u00f3.\n   El CPTPP representa alrededor del 13 por ciento del Producto Interno Bruto (PIB) y cerca del 15 por ciento del comercio internacional.\n   Per\u00fa inici\u00f3 el proceso de ingreso a este bloque econ\u00f3mico el 8 de marzo del 2018 con la firma de adhesi\u00f3n a este acuerdo.\n   Las expectativas de los exportadores peruanos se centran en la apertura de mercados para los productos l\u00e1cteos, madera peruana, insumos qu\u00edmicos, c\u00e1todos de cobre, uvas, paltas (aguacates), ar\u00e1ndanos rojos, entre otros productos.<\/pre>\n","protected":false},"excerpt":{"rendered":"<p>diariodominicano.com LIMA, 21 jul (Xinhua) &#8212; El presidente peruano, Francisco Sagasti, ratific\u00f3 este mi\u00e9rcoles el Tratado Integral y Progresista de Asociaci\u00f3n Transpac\u00edfico (CPTPP por sus siglas en ingl\u00e9s), que representa un mercado de 500 millones de consumidores. Con la entrada en vigencia de este acuerdo multilateral, dentro de 60 d\u00edas, este pa\u00eds andino abre nuevas [&hellip;]<\/p>\n","protected":false},"author":5,"featured_media":288197,"comment_status":"closed","ping_status":"","sticky":true,"template":"","format":"standard","meta":{"footnotes":""},"categories":[23,27],"tags":[],"class_list":["post-288193","post","type-post","status-publish","format-standard","has-post-thumbnail","hentry","category-internacional","category-portada"],"_links":{"self":[{"href":"https:\/\/diariodominicano.com\/index.php?rest_route=\/wp\/v2\/posts\/288193","targetHints":{"allow":["GET"]}}],"collection":[{"href":"https:\/\/diariodominicano.com\/index.php?rest_route=\/wp\/v2\/posts"}],"about":[{"href":"https:\/\/diariodominicano.com\/index.php?rest_route=\/wp\/v2\/types\/post"}],"author":[{"embeddable":true,"href":"https:\/\/diariodominicano.com\/index.php?rest_route=\/wp\/v2\/users\/5"}],"replies":[{"embeddable":true,"href":"https:\/\/diariodominicano.com\/index.php?rest_route=%2Fwp%2Fv2%2Fcomments&post=288193"}],"version-history":[{"count":1,"href":"https:\/\/diariodominicano.com\/index.php?rest_route=\/wp\/v2\/posts\/288193\/revisions"}],"predecessor-version":[{"id":288199,"href":"https:\/\/diariodominicano.com\/index.php?rest_route=\/wp\/v2\/posts\/288193\/revisions\/288199"}],"wp:featuredmedia":[{"embeddable":true,"href":"https:\/\/diariodominicano.com\/index.php?rest_route=\/wp\/v2\/media\/288197"}],"wp:attachment":[{"href":"https:\/\/diariodominicano.com\/index.php?rest_route=%2Fwp%2Fv2%2Fmedia&parent=288193"}],"wp:term":[{"taxonomy":"category","embeddable":true,"href":"https:\/\/diariodominicano.com\/index.php?rest_route=%2Fwp%2Fv2%2Fcategories&post=288193"},{"taxonomy":"post_tag","embeddable":true,"href":"https:\/\/diariodominicano.com\/index.php?rest_route=%2Fwp%2Fv2%2Ftags&post=288193"}],"curies":[{"name":"wp","href":"https:\/\/api.w.org\/{rel}","templated":true}]}}