{"id":288188,"date":"2021-07-21T18:04:12","date_gmt":"2021-07-21T22:04:12","guid":{"rendered":"http:\/\/diariodominicano.com\/?p=288188"},"modified":"2021-07-21T18:04:12","modified_gmt":"2021-07-21T22:04:12","slug":"mucho-calor-en-la-republica-dominicana","status":"publish","type":"post","link":"https:\/\/diariodominicano.com\/?p=288188","title":{"rendered":"Mucho calor en la Rep\u00fablica Dominicana"},"content":{"rendered":"\n<p>diariodominicano.com<\/p>\n\n\n\n<p>Santo Domingo, 21 jul (Prensa Latina) Mucho calor se sinti\u00f3 hoy en la Rep\u00fablica Dominicana debido a que existen sobre la regi\u00f3n abundantes part\u00edculas del polvo del Sahara y una masa de aire de escaso contenido de humedad.<\/p>\n\n\n\n<p><br>Seg\u00fan la Oficina Nacional de Meteorolog\u00eda, las temperaturas durante este mi\u00e9rcoles continuar\u00e1n con valores entre 32 y 35 grados Celsius, de ah\u00ed que recomend\u00f3 a la poblaci\u00f3n no exponerse a la radiaci\u00f3n solar por periodos prolongados, usar ropa ligera e ingerir suficiente agua.<\/p>\n\n\n\n<p>Adem\u00e1s, pronostic\u00f3 brumas sobre el pa\u00eds y que producto al transporte de humedad del viento y los factores orogr\u00e1ficos locales, habr\u00e1n algunos incrementos nubosos con chubascos aislados hacia las regiones nordeste, sureste y la Cordillera Central.<\/p>\n\n\n\n<p>oda\/ema<\/p>\n","protected":false},"excerpt":{"rendered":"<p>diariodominicano.com Santo Domingo, 21 jul (Prensa Latina) Mucho calor se sinti\u00f3 hoy en la Rep\u00fablica Dominicana debido a que existen sobre la regi\u00f3n abundantes part\u00edculas del polvo del Sahara y una masa de aire de escaso contenido de humedad. Seg\u00fan la Oficina Nacional de Meteorolog\u00eda, las temperaturas durante este mi\u00e9rcoles continuar\u00e1n con valores entre 32 [&hellip;]<\/p>\n","protected":false},"author":5,"featured_media":288189,"comment_status":"closed","ping_status":"","sticky":true,"template":"","format":"standard","meta":{"footnotes":""},"categories":[20,27],"tags":[],"class_list":["post-288188","post","type-post","status-publish","format-standard","has-post-thumbnail","hentry","category-dominicana-hoy","category-portada"],"_links":{"self":[{"href":"https:\/\/diariodominicano.com\/index.php?rest_route=\/wp\/v2\/posts\/288188","targetHints":{"allow":["GET"]}}],"collection":[{"href":"https:\/\/diariodominicano.com\/index.php?rest_route=\/wp\/v2\/posts"}],"about":[{"href":"https:\/\/diariodominicano.com\/index.php?rest_route=\/wp\/v2\/types\/post"}],"author":[{"embeddable":true,"href":"https:\/\/diariodominicano.com\/index.php?rest_route=\/wp\/v2\/users\/5"}],"replies":[{"embeddable":true,"href":"https:\/\/diariodominicano.com\/index.php?rest_route=%2Fwp%2Fv2%2Fcomments&post=288188"}],"version-history":[{"count":1,"href":"https:\/\/diariodominicano.com\/index.php?rest_route=\/wp\/v2\/posts\/288188\/revisions"}],"predecessor-version":[{"id":288190,"href":"https:\/\/diariodominicano.com\/index.php?rest_route=\/wp\/v2\/posts\/288188\/revisions\/288190"}],"wp:featuredmedia":[{"embeddable":true,"href":"https:\/\/diariodominicano.com\/index.php?rest_route=\/wp\/v2\/media\/288189"}],"wp:attachment":[{"href":"https:\/\/diariodominicano.com\/index.php?rest_route=%2Fwp%2Fv2%2Fmedia&parent=288188"}],"wp:term":[{"taxonomy":"category","embeddable":true,"href":"https:\/\/diariodominicano.com\/index.php?rest_route=%2Fwp%2Fv2%2Fcategories&post=288188"},{"taxonomy":"post_tag","embeddable":true,"href":"https:\/\/diariodominicano.com\/index.php?rest_route=%2Fwp%2Fv2%2Ftags&post=288188"}],"curies":[{"name":"wp","href":"https:\/\/api.w.org\/{rel}","templated":true}]}}