{"id":288185,"date":"2021-07-21T18:00:45","date_gmt":"2021-07-21T22:00:45","guid":{"rendered":"http:\/\/diariodominicano.com\/?p=288185"},"modified":"2021-07-21T18:00:45","modified_gmt":"2021-07-21T22:00:45","slug":"opositores-critican-instauracion-de-gobierno-en-haiti","status":"publish","type":"post","link":"https:\/\/diariodominicano.com\/?p=288185","title":{"rendered":"Opositores critican instauraci\u00f3n de gobierno en Hait\u00ed"},"content":{"rendered":"\n<p>diariodominicano.com<\/p>\n\n\n\n<p>Puerto Pr\u00edncipe, 21 jul (Prensa Latina) Opositores de Hait\u00ed criticaron hoy la instauraci\u00f3n de un Gobierno sin presidente, y el consenso de las fuerzas pol\u00edticas, mientras advirtieron las graves consecuencias para el pa\u00eds.<br>Andr\u00e9 Michel, portavoz del Sector Democr\u00e1tico y Popular, se\u00f1al\u00f3 que la falta de jefe de Estado incidir\u00e1 de manera negativa en la funcionalidad del Consejo Superior del Poder Judicial.<\/p>\n\n\n\n<p>Esta estructura perdi\u00f3 a su presidente por complicaciones derivadas de la Covid-19, y desde mucho antes operaba con cerca de la mitad de los miembros.<\/p>\n\n\n\n<p>Las asociaciones de jueces tambi\u00e9n desaprobaron la conformaci\u00f3n de un ejecutivo sin l\u00edder, y alertaron que la decisi\u00f3n tendr\u00e1 consecuencias e,n el CSPJ, en especial para su funcionamiento.<\/p>\n\n\n\n<p>El presidente Jovenel Mo\u00efse muri\u00f3 por el impacto de 12 balas durante una ataque a su residencia privada en el cual result\u00f3 herida su esposa Martine.<\/p>\n\n\n\n<p>El deceso puso en crisis al ejecutivo, el \u00fanico de los tres poderes activos, luego que la Asamblea Nacional (parlamento) perdiera a todos los diputados y a dos tercios de los senadores en enero de 2020.<\/p>\n\n\n\n<p>El Sector Democr\u00e1tico y otras fuerzas pol\u00edticas nacionales abogan por la constituci\u00f3n de un gabinete consensuado para establecer un Gobierno transitorio de tres a\u00f1os, que permita el fortalecimiento de las instituciones estatales y la celebraci\u00f3n de elecciones cre\u00edbles.<\/p>\n\n\n\n<p>Denunciaron, adem\u00e1s, la marcada injerencia de la comunidad internacional en los asuntos internos del pa\u00eds, recrudecida tras el asesinato de Mo\u00efse.<\/p>\n\n\n\n<p>&#8216;En nombre del principio de autodeterminaci\u00f3n de los pueblos, se debe demostrar como pueblo que es inaceptable que los amigos internacionales decidan pisotear los logros democr\u00e1ticos&#8217;, dijo, por su parte, Marjorie Michel, tambi\u00e9n integrante de la plataforma.<\/p>\n\n\n\n<p>La v\u00edspera el primer ministro Ariel Henry tom\u00f3 posesi\u00f3n del cargo y prometi\u00f3 reanudar las consultas entre las diversas fuerzas del pa\u00eds, para la organizaci\u00f3n del proceso electoral.<\/p>\n\n\n\n<p>En un discurso conciliador, el neurocirujano de 71 a\u00f1os apel\u00f3 a la unidad entre los diversos sectores nacionales y a la b\u00fasqueda de una soluci\u00f3n interna a la crisis &#8216;multiforme&#8217;.<\/p>\n\n\n\n<p>mgt\/ane<\/p>\n","protected":false},"excerpt":{"rendered":"<p>diariodominicano.com Puerto Pr\u00edncipe, 21 jul (Prensa Latina) Opositores de Hait\u00ed criticaron hoy la instauraci\u00f3n de un Gobierno sin presidente, y el consenso de las fuerzas pol\u00edticas, mientras advirtieron las graves consecuencias para el pa\u00eds.Andr\u00e9 Michel, portavoz del Sector Democr\u00e1tico y Popular, se\u00f1al\u00f3 que la falta de jefe de Estado incidir\u00e1 de manera negativa en la [&hellip;]<\/p>\n","protected":false},"author":5,"featured_media":288186,"comment_status":"closed","ping_status":"","sticky":true,"template":"","format":"standard","meta":{"footnotes":""},"categories":[23,27],"tags":[],"class_list":["post-288185","post","type-post","status-publish","format-standard","has-post-thumbnail","hentry","category-internacional","category-portada"],"_links":{"self":[{"href":"https:\/\/diariodominicano.com\/index.php?rest_route=\/wp\/v2\/posts\/288185","targetHints":{"allow":["GET"]}}],"collection":[{"href":"https:\/\/diariodominicano.com\/index.php?rest_route=\/wp\/v2\/posts"}],"about":[{"href":"https:\/\/diariodominicano.com\/index.php?rest_route=\/wp\/v2\/types\/post"}],"author":[{"embeddable":true,"href":"https:\/\/diariodominicano.com\/index.php?rest_route=\/wp\/v2\/users\/5"}],"replies":[{"embeddable":true,"href":"https:\/\/diariodominicano.com\/index.php?rest_route=%2Fwp%2Fv2%2Fcomments&post=288185"}],"version-history":[{"count":1,"href":"https:\/\/diariodominicano.com\/index.php?rest_route=\/wp\/v2\/posts\/288185\/revisions"}],"predecessor-version":[{"id":288187,"href":"https:\/\/diariodominicano.com\/index.php?rest_route=\/wp\/v2\/posts\/288185\/revisions\/288187"}],"wp:featuredmedia":[{"embeddable":true,"href":"https:\/\/diariodominicano.com\/index.php?rest_route=\/wp\/v2\/media\/288186"}],"wp:attachment":[{"href":"https:\/\/diariodominicano.com\/index.php?rest_route=%2Fwp%2Fv2%2Fmedia&parent=288185"}],"wp:term":[{"taxonomy":"category","embeddable":true,"href":"https:\/\/diariodominicano.com\/index.php?rest_route=%2Fwp%2Fv2%2Fcategories&post=288185"},{"taxonomy":"post_tag","embeddable":true,"href":"https:\/\/diariodominicano.com\/index.php?rest_route=%2Fwp%2Fv2%2Ftags&post=288185"}],"curies":[{"name":"wp","href":"https:\/\/api.w.org\/{rel}","templated":true}]}}