{"id":288182,"date":"2021-07-21T17:54:32","date_gmt":"2021-07-21T21:54:32","guid":{"rendered":"http:\/\/diariodominicano.com\/?p=288182"},"modified":"2021-07-21T17:54:32","modified_gmt":"2021-07-21T21:54:32","slug":"techy-fatule-en-el-top-de-los-charts-internacionales","status":"publish","type":"post","link":"https:\/\/diariodominicano.com\/?p=288182","title":{"rendered":"Techy Fatule en el top de los charts internacionales"},"content":{"rendered":"\n<p>diariodominicano.com<\/p>\n\n\n\n<p>Santo Domingo, R.D., 21 de julio, 2021.- \u00a0Una que se encuentra brillando en las m\u00e1s importantes plazas internacionales con su tema \u201cT\u00fa me quieres m\u00e1s\u201d es la cantante dominicana Techy Fatule, quien actualmente ocupa los primeros lugares en charts tan prestigiosos como son Record Report, Monitor Latino y Billboard.<\/p>\n\n\n\n<p>Emisoras espa\u00f1olas como Sun Radio no solo han resaltado su talento como \u201cuno que no pueden perder de vista\u201d, sino que se han declarado enamorados de sus canciones. Asimismo en Ecuador donde recientemente desarroll\u00f3 una exitosa gira de medios de m\u00e1s de 30 programas de radio, televisi\u00f3n y prensa escrita, es hoy una favorita, posicion\u00e1ndose con fuerza en el gusto popular con su nuevo tema.<\/p>\n\n\n\n<p>En Venezuela justo la pasada semana alcanz\u00f3 la posici\u00f3n n\u00famero uno, seg\u00fan el reporte de \u201cMultimedia 50\u201d, de hits en tiempo real, dejando atr\u00e1s en la prestigiosa lista temas de artistas como Rauw Alejandro, entre otros.<\/p>\n\n\n\n<p>La dominicana iniciar\u00e1 este 25 de julio una gira de medios por Estados Unidos que abarcar\u00e1 ciudades como Miami y Nueva York. Adem\u00e1s, estar\u00e1 presente en el evento que anunciar\u00e1 los nominados de los \u201cLatino Music Awards\u201d el pr\u00f3ximo 28 de julio en la ciudad de Miami, FL., donde presentar\u00e1 una de las categor\u00edas.  <\/p>\n\n\n\n<figure class=\"wp-block-table\"><table><tbody><tr><td> Fuente:  <strong>Patz Guerrero<\/strong><\/td><\/tr><\/tbody><\/table><\/figure>\n\n\n\n<p><\/p>\n","protected":false},"excerpt":{"rendered":"<p>diariodominicano.com Santo Domingo, R.D., 21 de julio, 2021.- \u00a0Una que se encuentra brillando en las m\u00e1s importantes plazas internacionales con su tema \u201cT\u00fa me quieres m\u00e1s\u201d es la cantante dominicana Techy Fatule, quien actualmente ocupa los primeros lugares en charts tan prestigiosos como son Record Report, Monitor Latino y Billboard. Emisoras espa\u00f1olas como Sun Radio [&hellip;]<\/p>\n","protected":false},"author":5,"featured_media":288183,"comment_status":"closed","ping_status":"","sticky":true,"template":"","format":"standard","meta":{"footnotes":""},"categories":[25,27],"tags":[],"class_list":["post-288182","post","type-post","status-publish","format-standard","has-post-thumbnail","hentry","category-gente","category-portada"],"_links":{"self":[{"href":"https:\/\/diariodominicano.com\/index.php?rest_route=\/wp\/v2\/posts\/288182","targetHints":{"allow":["GET"]}}],"collection":[{"href":"https:\/\/diariodominicano.com\/index.php?rest_route=\/wp\/v2\/posts"}],"about":[{"href":"https:\/\/diariodominicano.com\/index.php?rest_route=\/wp\/v2\/types\/post"}],"author":[{"embeddable":true,"href":"https:\/\/diariodominicano.com\/index.php?rest_route=\/wp\/v2\/users\/5"}],"replies":[{"embeddable":true,"href":"https:\/\/diariodominicano.com\/index.php?rest_route=%2Fwp%2Fv2%2Fcomments&post=288182"}],"version-history":[{"count":1,"href":"https:\/\/diariodominicano.com\/index.php?rest_route=\/wp\/v2\/posts\/288182\/revisions"}],"predecessor-version":[{"id":288184,"href":"https:\/\/diariodominicano.com\/index.php?rest_route=\/wp\/v2\/posts\/288182\/revisions\/288184"}],"wp:featuredmedia":[{"embeddable":true,"href":"https:\/\/diariodominicano.com\/index.php?rest_route=\/wp\/v2\/media\/288183"}],"wp:attachment":[{"href":"https:\/\/diariodominicano.com\/index.php?rest_route=%2Fwp%2Fv2%2Fmedia&parent=288182"}],"wp:term":[{"taxonomy":"category","embeddable":true,"href":"https:\/\/diariodominicano.com\/index.php?rest_route=%2Fwp%2Fv2%2Fcategories&post=288182"},{"taxonomy":"post_tag","embeddable":true,"href":"https:\/\/diariodominicano.com\/index.php?rest_route=%2Fwp%2Fv2%2Ftags&post=288182"}],"curies":[{"name":"wp","href":"https:\/\/api.w.org\/{rel}","templated":true}]}}