{"id":288179,"date":"2021-07-21T17:45:48","date_gmt":"2021-07-21T21:45:48","guid":{"rendered":"http:\/\/diariodominicano.com\/?p=288179"},"modified":"2021-07-21T17:45:48","modified_gmt":"2021-07-21T21:45:48","slug":"agricultura-familiar-un-gran-empuje-de-gloria-reyes-y-superate","status":"publish","type":"post","link":"https:\/\/diariodominicano.com\/?p=288179","title":{"rendered":"Agricultura familiar, un gran empuje de Gloria Reyes y Sup\u00e9rate"},"content":{"rendered":"\n<p>diariodominicano.com<\/p>\n\n\n\n<p>Por  Mariana Tav\u00e1rez<br>Subadministradora Mercadom<\/p>\n\n\n\n<p>Santo Domingo, R. D., 21 de julio, 2021.-  Aunque no es un concepto demasiado popular a\u00fan, la pr\u00e1ctica de la agricultura familiar encarna una gran oportunidad para reforzar la seguridad alimentaria y acercar un desarrollo sostenible a la poblaci\u00f3n rural.\u00a0<\/p>\n\n\n\n<p><br>La agricultura familiar es un modelo de producci\u00f3n donde una unidad dom\u00e9stica puede convivir con otra \u201cproductiva\u201d, y que ambas est\u00e9n espacialmente enlazadas, pudiendo ser esta labor agr\u00edcola la principal fuente de los recursos econ\u00f3micos de una familia, donde esta familia aporta la mayor parte o la totalidad de la fuerza laboral necesaria para la producci\u00f3n. De este modo, lo que se produce puede orientarse tanto para el consumo familiar como para la venta en el mercado, o bien cumplir ambos objetivos.<\/p>\n\n\n\n<p><br>Hemos sido testigo de primera l\u00ednea del trabajo que viene fraguando Sup\u00e9rate bajo la tutela de su directora general, Gloria Reyes, en el fomento de la agricultura familiar, una misi\u00f3n con un verdadero esp\u00edritu integral, que abarca promoci\u00f3n, formaci\u00f3n t\u00e9cnica y gesti\u00f3n financiera, comercializaci\u00f3n y valor agregado. Con estos incentivos que viene ofreciendo Sup\u00e9rate para la implementaci\u00f3n de la agricultura familiar, y conociendo de antemano que alrededor del 20% de nuestra poblaci\u00f3n reside en zonas rurales, lo que representa alrededor de 2 millones de personas, es justo reconocer y apoyar esta visi\u00f3n que implanta Sup\u00e9rate, porque la agricultura familiar puede jugar un significativo rol econ\u00f3mico, social, medioambiental y cultural.\u00a0<\/p>\n\n\n\n<p><br>Adem\u00e1s del medio rural, la agricultura familiar representa oportunidades para huertos urbanos, utilizando patios, balcones y azoteas para el cultivo de hortalizas que ayudan con la carga alimenticia de la familia, y colaboran con el medio ambiente, creando lazos entre la familia y el entorno que le rodea.<\/p>\n\n\n\n<p><br>Otro proyecto agr\u00edcola que promueve Sup\u00e9rate es el denominado \u201cCasas Sombras\u201d, que no es m\u00e1s que una estructura con cierta similitud a las de un invernadero, replicando los mismos principios, se consigue propiciar ciertas condiciones de \u201ccontrol\u201d para producir alimentos. Algunos de estos proyectos no solo producen para el consumo familiar, sino que ya comienzan a integrar sus productos al mercado, produciendo ingresos para estas familias y con proyecci\u00f3n para continuar creciendo.\u00a0<br><\/p>\n\n\n\n<p>A principios de este a\u00f1o la FAO report\u00f3 que centenares de j\u00f3venes y mujeres de siete provincias del Suroeste del pa\u00eds aumentaron sus ingresos y mejoraron su seguridad alimentaria gracias a los programas de apoyo implementados por Sup\u00e9rate (anteriormente llamado Progresando con Solidaridad), instituci\u00f3n que ha sabido granjearse los aliados ideales para el acompa\u00f1amiento t\u00e9cnico de estos planes, proyectos y programas, firmando acuerdos con el Instituto Dominicano de Investigaciones Agropecuarias y Forestales o el Ministerio de Agricultura.\u00a0<br>Esperamos que se le de continuidad a estas iniciativas y que en un futuro puedan agruparse peque\u00f1os productores de los programas de agricultura familiar y Casas Sombras en asociaciones, ser\u00eda magn\u00edfico acompa\u00f1arlos en ayudarles a colocar sus productos en Merca Santo Domingo.<\/p>\n\n\n\n<p><br><\/p>\n","protected":false},"excerpt":{"rendered":"<p>diariodominicano.com Por Mariana Tav\u00e1rezSubadministradora Mercadom Santo Domingo, R. D., 21 de julio, 2021.- Aunque no es un concepto demasiado popular a\u00fan, la pr\u00e1ctica de la agricultura familiar encarna una gran oportunidad para reforzar la seguridad alimentaria y acercar un desarrollo sostenible a la poblaci\u00f3n rural.\u00a0 La agricultura familiar es un modelo de producci\u00f3n donde una [&hellip;]<\/p>\n","protected":false},"author":5,"featured_media":288180,"comment_status":"closed","ping_status":"","sticky":true,"template":"","format":"standard","meta":{"footnotes":""},"categories":[16,27],"tags":[],"class_list":["post-288179","post","type-post","status-publish","format-standard","has-post-thumbnail","hentry","category-opiniones","category-portada"],"_links":{"self":[{"href":"https:\/\/diariodominicano.com\/index.php?rest_route=\/wp\/v2\/posts\/288179","targetHints":{"allow":["GET"]}}],"collection":[{"href":"https:\/\/diariodominicano.com\/index.php?rest_route=\/wp\/v2\/posts"}],"about":[{"href":"https:\/\/diariodominicano.com\/index.php?rest_route=\/wp\/v2\/types\/post"}],"author":[{"embeddable":true,"href":"https:\/\/diariodominicano.com\/index.php?rest_route=\/wp\/v2\/users\/5"}],"replies":[{"embeddable":true,"href":"https:\/\/diariodominicano.com\/index.php?rest_route=%2Fwp%2Fv2%2Fcomments&post=288179"}],"version-history":[{"count":1,"href":"https:\/\/diariodominicano.com\/index.php?rest_route=\/wp\/v2\/posts\/288179\/revisions"}],"predecessor-version":[{"id":288181,"href":"https:\/\/diariodominicano.com\/index.php?rest_route=\/wp\/v2\/posts\/288179\/revisions\/288181"}],"wp:featuredmedia":[{"embeddable":true,"href":"https:\/\/diariodominicano.com\/index.php?rest_route=\/wp\/v2\/media\/288180"}],"wp:attachment":[{"href":"https:\/\/diariodominicano.com\/index.php?rest_route=%2Fwp%2Fv2%2Fmedia&parent=288179"}],"wp:term":[{"taxonomy":"category","embeddable":true,"href":"https:\/\/diariodominicano.com\/index.php?rest_route=%2Fwp%2Fv2%2Fcategories&post=288179"},{"taxonomy":"post_tag","embeddable":true,"href":"https:\/\/diariodominicano.com\/index.php?rest_route=%2Fwp%2Fv2%2Ftags&post=288179"}],"curies":[{"name":"wp","href":"https:\/\/api.w.org\/{rel}","templated":true}]}}