{"id":288159,"date":"2021-07-21T16:32:28","date_gmt":"2021-07-21T20:32:28","guid":{"rendered":"http:\/\/diariodominicano.com\/?p=288159"},"modified":"2021-07-21T16:32:28","modified_gmt":"2021-07-21T20:32:28","slug":"compania-sudafricana-fabricara-vacunas-contra-covid-19-para-miembros-de-ua","status":"publish","type":"post","link":"https:\/\/diariodominicano.com\/?p=288159","title":{"rendered":"Compa\u00f1\u00eda sudafricana fabricar\u00e1 vacunas contra COVID-19 para miembros de UA"},"content":{"rendered":"\n<p>diariodominicano.com<a rel=\"noreferrer noopener\" href=\"http:\/\/home.xinhua-news.com\/gdsdetailxhs\/share\/9693998-?pageflag=iframe\" target=\"_blank\"><\/a><\/p>\n\n\n\n<pre id=\"text-news-description\" class=\"wp-block-preformatted\">   CIUDAD DEL CABO, 21 jul (Xinhua) -- Autoridades locales de Sud\u00e1frica dieron la bienvenida hoy al anuncio sobre la firma de una carta de intenci\u00f3n para la fabricaci\u00f3n de vacunas contra la COVID-19 de Pfizer-BioNTech por parte de una compa\u00f1\u00eda farmac\u00e9utica con sede en Ciudad del Cabo para su distribuci\u00f3n dentro de la Uni\u00f3n Africana (UA).\n   Biovac Institute, que cuenta con la infraestructura para la fabricaci\u00f3n de las vacunas, con laboratorios de control de calidad y bodegas con capacidad de almacenamiento en fr\u00edo, fabricar\u00e1 y distribuir\u00e1 las vacunas de Pfizer-BioNTech, y las actividades de transferencia t\u00e9cnica, desarrollo en el lugar e instalaci\u00f3n de equipo comenzar\u00e1n de inmediato para facilitar el proceso.\n   Pfizer-BioNTech espera que las instalaciones de Biovac en Ciudad del Cabo se incorporen a la cadena de suministro de la vacuna para fines de 2021 y que la fabricaci\u00f3n de las vacunas terminadas comience en 2022 con sustancias farmacol\u00f3gicas procedentes de Europa.\n   A su capacidad operativa m\u00e1xima, la producci\u00f3n anual superar\u00e1 los 100 millones de dosis terminadas al a\u00f1o, las cuales ser\u00e1n distribuidas exclusivamente en los Estados miembros de la UA.\n   La firma es un bienvenido refuerzo de confianza para la econom\u00eda de Ciudad del Cabo y de la provincia de Cabo Occidental, la capital legislativa, indic\u00f3 el gobierno de Cabo Occidental en una declaraci\u00f3n.\n   La provincia prometi\u00f3 seguir trabajando con el sector privado en t\u00e9rminos de la respuesta a la COVID-19 y la estrategia de distribuci\u00f3n de vacunas.\n   Cabo Occidental, principal centro sudaricano de alta tecnolog\u00eda e innovaci\u00f3n en el sector m\u00e9dico, tiene una de las m\u00e1s altas concentraciones de compa\u00f1\u00edas sanitarias y de dispositivos m\u00e9dicos del pa\u00eds.<\/pre>\n","protected":false},"excerpt":{"rendered":"<p>diariodominicano.com CIUDAD DEL CABO, 21 jul (Xinhua) &#8212; Autoridades locales de Sud\u00e1frica dieron la bienvenida hoy al anuncio sobre la firma de una carta de intenci\u00f3n para la fabricaci\u00f3n de vacunas contra la COVID-19 de Pfizer-BioNTech por parte de una compa\u00f1\u00eda farmac\u00e9utica con sede en Ciudad del Cabo para su distribuci\u00f3n dentro de la Uni\u00f3n [&hellip;]<\/p>\n","protected":false},"author":5,"featured_media":288160,"comment_status":"closed","ping_status":"","sticky":true,"template":"","format":"standard","meta":{"footnotes":""},"categories":[23,27],"tags":[],"class_list":["post-288159","post","type-post","status-publish","format-standard","has-post-thumbnail","hentry","category-internacional","category-portada"],"_links":{"self":[{"href":"https:\/\/diariodominicano.com\/index.php?rest_route=\/wp\/v2\/posts\/288159","targetHints":{"allow":["GET"]}}],"collection":[{"href":"https:\/\/diariodominicano.com\/index.php?rest_route=\/wp\/v2\/posts"}],"about":[{"href":"https:\/\/diariodominicano.com\/index.php?rest_route=\/wp\/v2\/types\/post"}],"author":[{"embeddable":true,"href":"https:\/\/diariodominicano.com\/index.php?rest_route=\/wp\/v2\/users\/5"}],"replies":[{"embeddable":true,"href":"https:\/\/diariodominicano.com\/index.php?rest_route=%2Fwp%2Fv2%2Fcomments&post=288159"}],"version-history":[{"count":1,"href":"https:\/\/diariodominicano.com\/index.php?rest_route=\/wp\/v2\/posts\/288159\/revisions"}],"predecessor-version":[{"id":288161,"href":"https:\/\/diariodominicano.com\/index.php?rest_route=\/wp\/v2\/posts\/288159\/revisions\/288161"}],"wp:featuredmedia":[{"embeddable":true,"href":"https:\/\/diariodominicano.com\/index.php?rest_route=\/wp\/v2\/media\/288160"}],"wp:attachment":[{"href":"https:\/\/diariodominicano.com\/index.php?rest_route=%2Fwp%2Fv2%2Fmedia&parent=288159"}],"wp:term":[{"taxonomy":"category","embeddable":true,"href":"https:\/\/diariodominicano.com\/index.php?rest_route=%2Fwp%2Fv2%2Fcategories&post=288159"},{"taxonomy":"post_tag","embeddable":true,"href":"https:\/\/diariodominicano.com\/index.php?rest_route=%2Fwp%2Fv2%2Ftags&post=288159"}],"curies":[{"name":"wp","href":"https:\/\/api.w.org\/{rel}","templated":true}]}}