{"id":288156,"date":"2021-07-21T16:12:25","date_gmt":"2021-07-21T20:12:25","guid":{"rendered":"http:\/\/diariodominicano.com\/?p=288156"},"modified":"2021-07-21T16:12:25","modified_gmt":"2021-07-21T20:12:25","slug":"esperanza-de-vida-en-eeuu-cae-15-anos-durante-pandemia-de-covid-19-muestran-datos-oficiales","status":"publish","type":"post","link":"https:\/\/diariodominicano.com\/?p=288156","title":{"rendered":"Esperanza de vida en EEUU cae 1,5 a\u00f1os durante pandemia de COVID-19, muestran datos oficiales"},"content":{"rendered":"\n<h3 class=\"wp-block-heading\">diariodominicano.com<a rel=\"noreferrer noopener\" href=\"http:\/\/home.xinhua-news.com\/gdsdetailxhs\/share\/9692724-?pageflag=iframe\" target=\"_blank\"><\/a><\/h3>\n\n\n\n<pre id=\"text-news-description\" class=\"wp-block-preformatted\">   NUEVA YORK, 21 jul (Xinhua) -- Estados Unidos registr\u00f3 la mayor ca\u00edda en un a\u00f1o en la esperanza de vida desde la Segunda Guerra Mundial durante la pandemia de COVID-19, y las poblaciones hispana y negra sufrieron el mayor descenso, muestran datos oficiales publicados hoy mi\u00e9rcoles. \n   La esperanza de vida al nacer se redujo 1,5 a\u00f1os en 2020 para llegar a 77,3, el nivel m\u00e1s bajo desde 2003, se\u00f1al\u00f3 el Centro Nacional de Estad\u00edsticas de Salud de los Centros para el Control y la Prevenci\u00f3n de Enfermedades (CDC).\n   \"Las cifras son devastadoras\", dijo Chantel Martin, profesora asistente de epidemiolog\u00eda en la Escuela de Salud P\u00fablica Global Gillings de la Universidad de Carolina del Norte en Chapel Hill, citada por USA Today.\n   La esperanza de vida se redujo en 3 a\u00f1os para la poblaci\u00f3n hispana, y se ubic\u00f3 en 78,8 a\u00f1os; 2,9 a\u00f1os para la poblaci\u00f3n negra no hispana, a 71,8 a\u00f1os; y 1,2 a\u00f1os para la poblaci\u00f3n blanca no hispana, a 77,6 a\u00f1os, de acuerdo con los datos.\n   En particular, los hombres hispanos registraron la mayor ca\u00edda, 3,7 a\u00f1os, indican los datos. <\/pre>\n","protected":false},"excerpt":{"rendered":"<p>diariodominicano.com NUEVA YORK, 21 jul (Xinhua) &#8212; Estados Unidos registr\u00f3 la mayor ca\u00edda en un a\u00f1o en la esperanza de vida desde la Segunda Guerra Mundial durante la pandemia de COVID-19, y las poblaciones hispana y negra sufrieron el mayor descenso, muestran datos oficiales publicados hoy mi\u00e9rcoles. La esperanza de vida al nacer se redujo [&hellip;]<\/p>\n","protected":false},"author":5,"featured_media":288157,"comment_status":"closed","ping_status":"","sticky":true,"template":"","format":"standard","meta":{"footnotes":""},"categories":[27],"tags":[],"class_list":["post-288156","post","type-post","status-publish","format-standard","has-post-thumbnail","hentry","category-portada"],"_links":{"self":[{"href":"https:\/\/diariodominicano.com\/index.php?rest_route=\/wp\/v2\/posts\/288156","targetHints":{"allow":["GET"]}}],"collection":[{"href":"https:\/\/diariodominicano.com\/index.php?rest_route=\/wp\/v2\/posts"}],"about":[{"href":"https:\/\/diariodominicano.com\/index.php?rest_route=\/wp\/v2\/types\/post"}],"author":[{"embeddable":true,"href":"https:\/\/diariodominicano.com\/index.php?rest_route=\/wp\/v2\/users\/5"}],"replies":[{"embeddable":true,"href":"https:\/\/diariodominicano.com\/index.php?rest_route=%2Fwp%2Fv2%2Fcomments&post=288156"}],"version-history":[{"count":1,"href":"https:\/\/diariodominicano.com\/index.php?rest_route=\/wp\/v2\/posts\/288156\/revisions"}],"predecessor-version":[{"id":288158,"href":"https:\/\/diariodominicano.com\/index.php?rest_route=\/wp\/v2\/posts\/288156\/revisions\/288158"}],"wp:featuredmedia":[{"embeddable":true,"href":"https:\/\/diariodominicano.com\/index.php?rest_route=\/wp\/v2\/media\/288157"}],"wp:attachment":[{"href":"https:\/\/diariodominicano.com\/index.php?rest_route=%2Fwp%2Fv2%2Fmedia&parent=288156"}],"wp:term":[{"taxonomy":"category","embeddable":true,"href":"https:\/\/diariodominicano.com\/index.php?rest_route=%2Fwp%2Fv2%2Fcategories&post=288156"},{"taxonomy":"post_tag","embeddable":true,"href":"https:\/\/diariodominicano.com\/index.php?rest_route=%2Fwp%2Fv2%2Ftags&post=288156"}],"curies":[{"name":"wp","href":"https:\/\/api.w.org\/{rel}","templated":true}]}}