{"id":288141,"date":"2021-07-21T15:02:28","date_gmt":"2021-07-21T19:02:28","guid":{"rendered":"http:\/\/diariodominicano.com\/?p=288141"},"modified":"2021-07-21T15:05:56","modified_gmt":"2021-07-21T19:05:56","slug":"presidente-luis-abinader-lamenta-fallecimiento-de-dona-yolanda-reyna-y-expresa-su-sentido-pesame-a-fernandez","status":"publish","type":"post","link":"https:\/\/diariodominicano.com\/?p=288141","title":{"rendered":"Presidente Luis Abinader lamenta fallecimiento de do\u00f1a Yolanda Reyna y expresa su sentido p\u00e9same a Fern\u00e1ndez"},"content":{"rendered":"\n<p>diario dominicano.com<\/p>\n\n\n\n<p>Santo Domingo, R. D., 21 de julio, 2021.-  El Presidente de la Rep\u00fablica Dominicana, Luis Abinader lamenta \u201cprofundamente el fallecimiento de do\u00f1a Yolanda Reyna\u201d, madre del ex presidente Leonel Fern\u00e1ndez Reyna.<\/p>\n\n\n\n<p>Do\u00f1a Yolanda fue ingresada este martes a la unidad de cuidados intensivos de la cl\u00ednica Abel Gonz\u00e1lez de la avenida Abraham Lincoln donde falleci\u00f3.<\/p>\n\n\n\n<p>El presidente Abinader en su cuenta de Twitter expres\u00f3 su \u201cm\u00e1s sentido p\u00e9same al doctor Fern\u00e1ndez Reyna y sus condolencias a todos los familiares de do\u00f1a Yolanda Reyna.<\/p>\n\n\n\n<p>Asimismo, la Primera Dama utiliz\u00f3 su cuenta de Twitter para manifestar su \u201cm\u00e1s sentidas condolencias\u201d y toda su solidaridad al expresidente Fern\u00e1ndez Reyna en este momento de dolor.&nbsp;<\/p>\n\n\n\n<p>Los restos de do\u00f1a Yolanda ser\u00e1n expuestos en la Capilla La Paz de la avenida Abraham Lincoln a partir de la siete de la noche de este mi\u00e9rcoles.\u00a0<\/p>\n\n\n\n<p>El expresidente Fern\u00e1ndez Reyna inform\u00f3 a trav\u00e9s de Twitter que el deceso de su madre se produjo en horas de la ma\u00f1ana y agradeci\u00f3 la solidaridad en este \u201cdif\u00edcil momento\u201d de la partida de su amada progenitora.<\/p>\n","protected":false},"excerpt":{"rendered":"<p>diario dominicano.com Santo Domingo, R. D., 21 de julio, 2021.- El Presidente de la Rep\u00fablica Dominicana, Luis Abinader lamenta \u201cprofundamente el fallecimiento de do\u00f1a Yolanda Reyna\u201d, madre del ex presidente Leonel Fern\u00e1ndez Reyna. Do\u00f1a Yolanda fue ingresada este martes a la unidad de cuidados intensivos de la cl\u00ednica Abel Gonz\u00e1lez de la avenida Abraham Lincoln [&hellip;]<\/p>\n","protected":false},"author":5,"featured_media":288144,"comment_status":"closed","ping_status":"","sticky":true,"template":"","format":"standard","meta":{"footnotes":""},"categories":[20,27],"tags":[],"class_list":["post-288141","post","type-post","status-publish","format-standard","has-post-thumbnail","hentry","category-dominicana-hoy","category-portada"],"_links":{"self":[{"href":"https:\/\/diariodominicano.com\/index.php?rest_route=\/wp\/v2\/posts\/288141","targetHints":{"allow":["GET"]}}],"collection":[{"href":"https:\/\/diariodominicano.com\/index.php?rest_route=\/wp\/v2\/posts"}],"about":[{"href":"https:\/\/diariodominicano.com\/index.php?rest_route=\/wp\/v2\/types\/post"}],"author":[{"embeddable":true,"href":"https:\/\/diariodominicano.com\/index.php?rest_route=\/wp\/v2\/users\/5"}],"replies":[{"embeddable":true,"href":"https:\/\/diariodominicano.com\/index.php?rest_route=%2Fwp%2Fv2%2Fcomments&post=288141"}],"version-history":[{"count":2,"href":"https:\/\/diariodominicano.com\/index.php?rest_route=\/wp\/v2\/posts\/288141\/revisions"}],"predecessor-version":[{"id":288147,"href":"https:\/\/diariodominicano.com\/index.php?rest_route=\/wp\/v2\/posts\/288141\/revisions\/288147"}],"wp:featuredmedia":[{"embeddable":true,"href":"https:\/\/diariodominicano.com\/index.php?rest_route=\/wp\/v2\/media\/288144"}],"wp:attachment":[{"href":"https:\/\/diariodominicano.com\/index.php?rest_route=%2Fwp%2Fv2%2Fmedia&parent=288141"}],"wp:term":[{"taxonomy":"category","embeddable":true,"href":"https:\/\/diariodominicano.com\/index.php?rest_route=%2Fwp%2Fv2%2Fcategories&post=288141"},{"taxonomy":"post_tag","embeddable":true,"href":"https:\/\/diariodominicano.com\/index.php?rest_route=%2Fwp%2Fv2%2Ftags&post=288141"}],"curies":[{"name":"wp","href":"https:\/\/api.w.org\/{rel}","templated":true}]}}