{"id":288136,"date":"2021-07-21T22:38:25","date_gmt":"2021-07-22T02:38:25","guid":{"rendered":"http:\/\/diariodominicano.com\/?p=288136"},"modified":"2021-07-21T22:38:33","modified_gmt":"2021-07-22T02:38:33","slug":"designan-director-de-prensa-festival-cine-dominicano-nyc","status":"publish","type":"post","link":"https:\/\/diariodominicano.com\/?p=288136","title":{"rendered":"Designan director de prensa Festival Cine Dominicano NYC"},"content":{"rendered":"\n<p><strong>Por Ram\u00f3n Mercedes<\/strong><\/p>\n\n\n\n<p><strong>NUEVA YORK.-&nbsp;<\/strong>El Festival de Cine Dominicano (DFFNYC), que se celebrar\u00e1 en esta ciudad del 26 al 31 de octubre, design\u00f3 como su director de prensa al bloguero Jos\u00e9 Zabala, inform\u00f3 su director Armando Guare\u00f1o.<\/p>\n\n\n\n<p>Guare\u00f1o, destac\u00f3 que Zabala ha venido realizado un buen trabajo a favor del cine dominicano y del DFFNYC desde que se fundara esa instituci\u00f3n hace una d\u00e9cada.<\/p>\n\n\n\n<p>Por su parte, el designado expres\u00f3 \u201cme siento muy emocionado al nombrarme en la posici\u00f3n y por ser la primera vez que un bloguero es nombrado en este cargo\u201d.<\/p>\n\n\n\n<p>\u201cEstamos avanzando y es un triunfo para los comunicadores digitales, esta designaci\u00f3n la comparto con mis compa\u00f1eros y seguidores\u201d, dijo Zabala.<\/p>\n\n\n\n<p>La misi\u00f3n del DFFNYC es promover la industria cinematogr\u00e1fica ante la nueva generaci\u00f3n de directores de cine, as\u00ed como de los ya establecidos, adem\u00e1s fortalecer la vital y creciente relaci\u00f3n econ\u00f3mica y cultural con los Estados Unidos.<\/p>\n\n\n\n<p>La entidad se ha convertido en el Festival de Cine de car\u00e1cter Latino m\u00e1s importante en EUA, con reconocimiento del Congreso estadounidense y del estado de NY.<\/p>\n\n\n\n<p>Cabe destacar que el \u201cFestival\u201d invita a cineastas y realizadores dominicanos a enviar sus obras cinematogr\u00e1ficas, largometrajes, documentales y cortometrajes para ser consideradas por el comit\u00e9 de selecci\u00f3n de la d\u00e9cima edici\u00f3n.<\/p>\n\n\n\n<p>La propuesta viene renovada, con diferentes muestras y retrospectivas paralelas.<\/p>\n\n\n\n<p>El plazo l\u00edmite de entrega de las obras es el pr\u00f3ximo 31 de julio. Todas las pel\u00edculas deben ser por lo menos de estreno en NY y con subt\u00edtulos al ingl\u00e9s.<\/p>\n\n\n\n<p>El DFFNYC se propone reconocer y difundir lo mejor de la cinematograf\u00eda dominicana en el exterior. Este a\u00f1o el festival estar\u00e1 dedicado a los nuevos directores con el lema \u201cGeneraci\u00f3n, Nuevas Voces\u201d.<\/p>\n\n\n\n<figure class=\"wp-block-image size-large is-style-default\"><img loading=\"lazy\" decoding=\"async\" width=\"1007\" height=\"561\" src=\"https:\/\/diariodominicano.com\/wp-content\/uploads\/2021\/07\/image-35.png\" alt=\"\" class=\"wp-image-288195\" srcset=\"https:\/\/diariodominicano.com\/wp-content\/uploads\/2021\/07\/image-35.png 1007w, https:\/\/diariodominicano.com\/wp-content\/uploads\/2021\/07\/image-35-300x167.png 300w, https:\/\/diariodominicano.com\/wp-content\/uploads\/2021\/07\/image-35-768x428.png 768w, https:\/\/diariodominicano.com\/wp-content\/uploads\/2021\/07\/image-35-816x455.png 816w\" sizes=\"auto, (max-width: 1007px) 100vw, 1007px\" \/><\/figure>\n","protected":false},"excerpt":{"rendered":"<p>Por Ram\u00f3n Mercedes NUEVA YORK.-&nbsp;El Festival de Cine Dominicano (DFFNYC), que se celebrar\u00e1 en esta ciudad del 26 al 31 de octubre, design\u00f3 como su director de prensa al bloguero Jos\u00e9 Zabala, inform\u00f3 su director Armando Guare\u00f1o. Guare\u00f1o, destac\u00f3 que Zabala ha venido realizado un buen trabajo a favor del cine dominicano y del DFFNYC [&hellip;]<\/p>\n","protected":false},"author":7,"featured_media":288195,"comment_status":"closed","ping_status":"","sticky":false,"template":"","format":"standard","meta":{"footnotes":""},"categories":[23,27],"tags":[],"class_list":["post-288136","post","type-post","status-publish","format-standard","has-post-thumbnail","hentry","category-internacional","category-portada"],"_links":{"self":[{"href":"https:\/\/diariodominicano.com\/index.php?rest_route=\/wp\/v2\/posts\/288136","targetHints":{"allow":["GET"]}}],"collection":[{"href":"https:\/\/diariodominicano.com\/index.php?rest_route=\/wp\/v2\/posts"}],"about":[{"href":"https:\/\/diariodominicano.com\/index.php?rest_route=\/wp\/v2\/types\/post"}],"author":[{"embeddable":true,"href":"https:\/\/diariodominicano.com\/index.php?rest_route=\/wp\/v2\/users\/7"}],"replies":[{"embeddable":true,"href":"https:\/\/diariodominicano.com\/index.php?rest_route=%2Fwp%2Fv2%2Fcomments&post=288136"}],"version-history":[{"count":2,"href":"https:\/\/diariodominicano.com\/index.php?rest_route=\/wp\/v2\/posts\/288136\/revisions"}],"predecessor-version":[{"id":288198,"href":"https:\/\/diariodominicano.com\/index.php?rest_route=\/wp\/v2\/posts\/288136\/revisions\/288198"}],"wp:featuredmedia":[{"embeddable":true,"href":"https:\/\/diariodominicano.com\/index.php?rest_route=\/wp\/v2\/media\/288195"}],"wp:attachment":[{"href":"https:\/\/diariodominicano.com\/index.php?rest_route=%2Fwp%2Fv2%2Fmedia&parent=288136"}],"wp:term":[{"taxonomy":"category","embeddable":true,"href":"https:\/\/diariodominicano.com\/index.php?rest_route=%2Fwp%2Fv2%2Fcategories&post=288136"},{"taxonomy":"post_tag","embeddable":true,"href":"https:\/\/diariodominicano.com\/index.php?rest_route=%2Fwp%2Fv2%2Ftags&post=288136"}],"curies":[{"name":"wp","href":"https:\/\/api.w.org\/{rel}","templated":true}]}}