{"id":288135,"date":"2021-07-21T18:18:08","date_gmt":"2021-07-21T22:18:08","guid":{"rendered":"http:\/\/diariodominicano.com\/?p=288135"},"modified":"2021-07-21T18:18:08","modified_gmt":"2021-07-21T22:18:08","slug":"fuerza-del-pueblo-lamenta-muerte-de-la-madre-de-leonel-fernandez","status":"publish","type":"post","link":"https:\/\/diariodominicano.com\/?p=288135","title":{"rendered":"Fuerza del Pueblo lamenta muerte de la madre de Leonel Fern\u00e1ndez"},"content":{"rendered":"\n<p>Santo Domingo, D.N.- El secretario general de la Fuerza del Pueblo (FP), Antonio Flori\u00e1n, manifest\u00f3 este mi\u00e9rcoles que la militancia de esa organizaci\u00f3n pol\u00edtica siente gran pesar por la muerte de la se\u00f1ora Yolanda Reyna, madre del expresidente Leonel Fern\u00e1ndez.<\/p>\n\n\n\n<p>\u00abComo familia pol\u00edtica nos sentimos consternados y lamentamos el fallecimiento de la se\u00f1ora Yolanda Reyna, madre de nuestro presidente y l\u00edder Dr. Leonel Fern\u00e1ndez Reyna, a quien acompa\u00f1amos junto a sus familiares en este momento de dolor\u201d, dijo Flori\u00e1n.<\/p>\n\n\n\n<p>Inform\u00f3 adem\u00e1s que las honras f\u00fanebres se realizar\u00e1n a partir de las 6:30 p.m. de este mi\u00e9rcoles en la Funeraria Blandino, de la avenida Abraham Lincoln. Ma\u00f1ana jueves, continuar\u00e1n a partir de las 9:30 de la ma\u00f1ana, mientras que a las 3:00 de la tarde se celebrar\u00e1 una \u201cMisa de Cuerpo Presente\u201d y una hora m\u00e1s tarde el cortejo f\u00fanebre partir\u00e1 hacia el cementerio Cristo Redentor.<\/p>\n\n\n\n<p>\u00abLos hombres y mujeres de nuestro partido nos unimos a tan lamentable p\u00e9rdida, al tiempo que reiteramos nuestra solidaridad con la familia Fern\u00e1ndez Reyna\u00bb, expres\u00f3.<\/p>\n\n\n\n<p>El miembro de la Direcci\u00f3n Pol\u00edtica de la FP relat\u00f3 que todo el que tuvo la oportunidad de conversar con do\u00f1a Yolanda disfrut\u00f3 de su calidez y el trato afable que siempre le dispens\u00f3 a las personas.<\/p>\n\n\n\n<p>Secretar\u00eda de Comunicaci\u00f3n<br>Fuerza del Pueblo<\/p>\n\n\n\n<p><\/p>\n","protected":false},"excerpt":{"rendered":"<p>Santo Domingo, D.N.- El secretario general de la Fuerza del Pueblo (FP), Antonio Flori\u00e1n, manifest\u00f3 este mi\u00e9rcoles que la militancia de esa organizaci\u00f3n pol\u00edtica siente gran pesar por la muerte de la se\u00f1ora Yolanda Reyna, madre del expresidente Leonel Fern\u00e1ndez. \u00abComo familia pol\u00edtica nos sentimos consternados y lamentamos el fallecimiento de la se\u00f1ora Yolanda Reyna, [&hellip;]<\/p>\n","protected":false},"author":7,"featured_media":288137,"comment_status":"closed","ping_status":"","sticky":true,"template":"","format":"standard","meta":{"footnotes":""},"categories":[20,27],"tags":[],"class_list":["post-288135","post","type-post","status-publish","format-standard","has-post-thumbnail","hentry","category-dominicana-hoy","category-portada"],"_links":{"self":[{"href":"https:\/\/diariodominicano.com\/index.php?rest_route=\/wp\/v2\/posts\/288135","targetHints":{"allow":["GET"]}}],"collection":[{"href":"https:\/\/diariodominicano.com\/index.php?rest_route=\/wp\/v2\/posts"}],"about":[{"href":"https:\/\/diariodominicano.com\/index.php?rest_route=\/wp\/v2\/types\/post"}],"author":[{"embeddable":true,"href":"https:\/\/diariodominicano.com\/index.php?rest_route=\/wp\/v2\/users\/7"}],"replies":[{"embeddable":true,"href":"https:\/\/diariodominicano.com\/index.php?rest_route=%2Fwp%2Fv2%2Fcomments&post=288135"}],"version-history":[{"count":1,"href":"https:\/\/diariodominicano.com\/index.php?rest_route=\/wp\/v2\/posts\/288135\/revisions"}],"predecessor-version":[{"id":288194,"href":"https:\/\/diariodominicano.com\/index.php?rest_route=\/wp\/v2\/posts\/288135\/revisions\/288194"}],"wp:featuredmedia":[{"embeddable":true,"href":"https:\/\/diariodominicano.com\/index.php?rest_route=\/wp\/v2\/media\/288137"}],"wp:attachment":[{"href":"https:\/\/diariodominicano.com\/index.php?rest_route=%2Fwp%2Fv2%2Fmedia&parent=288135"}],"wp:term":[{"taxonomy":"category","embeddable":true,"href":"https:\/\/diariodominicano.com\/index.php?rest_route=%2Fwp%2Fv2%2Fcategories&post=288135"},{"taxonomy":"post_tag","embeddable":true,"href":"https:\/\/diariodominicano.com\/index.php?rest_route=%2Fwp%2Fv2%2Ftags&post=288135"}],"curies":[{"name":"wp","href":"https:\/\/api.w.org\/{rel}","templated":true}]}}