{"id":288134,"date":"2021-07-21T16:36:32","date_gmt":"2021-07-21T20:36:32","guid":{"rendered":"http:\/\/diariodominicano.com\/?p=288134"},"modified":"2021-07-21T16:37:34","modified_gmt":"2021-07-21T20:37:34","slug":"pro-consumidor-no-bajara-la-guardia-contra-comercios-especulen-con-precios-canasta-basica","status":"publish","type":"post","link":"https:\/\/diariodominicano.com\/?p=288134","title":{"rendered":"Pro Consumidor \u201cno bajar\u00e1 la guardia\u201d contra comercios especulen con precios canasta b\u00e1sica"},"content":{"rendered":"\n<p><strong>SANTO DOMINGO.- <\/strong>El director ejecutivo del Instituto Nacional de Protecci\u00f3n de los Derechos del Consumidor (Pro Consumidor), Eddy Alc\u00e1ntara, declar\u00f3 que esa instituci\u00f3n \u201cno bajar\u00e1 la guardia\u201d frente a los comercios que incurran en la especulaci\u00f3n de los precios de los productos de la canasta b\u00e1sica.<\/p>\n\n\n\n<p>Alc\u00e1ntara manifest\u00f3 en ese sentido, que se mantendr\u00e1n vigilantes para enfrentar esa pr\u00e1ctica odiosa que va en detrimento de los bolsillos de la clase m\u00e1s vulnerable de la Rep\u00fablica Dominicana.<\/p>\n\n\n\n<p>Manifest\u00f3 que los departamentos de Publicidad y Precios e Inspecci\u00f3n y Vigilancia de la entidad, continuar\u00e1n los levantamientos en la comparaci\u00f3n de precios de los productos b\u00e1sicos, los cuales son mostrados semanalmente en un listado en el portal institucional y a trav\u00e9s del Sistema Dominicano de Informaci\u00f3n de Precios (SIDIP).&nbsp;<\/p>\n\n\n\n<p>\u201cNosotros suministramos la informaci\u00f3n para que la sociedad dominicana est\u00e9 orientada sobre los productos que han reducido, aumentado o han mantenido su precio para que tengan libre elecci\u00f3n en el aspecto de la comercializaci\u00f3n\u201d, dijo el titular de Pro Consumidor en una entrevista en el programa Esta Noche Mariasela, con la comunicadora Mariasela \u00c1lvarez.<\/p>\n\n\n\n<p>En ese sentido, el funcionario afirm\u00f3 que en los pr\u00f3ximos d\u00edas la instituci\u00f3n dar\u00e1 a conocer un listado con los nombres de los comercios que han sido sorprendidos haciendo uso de la especulaci\u00f3n, atentando contra los derechos de los consumidores, los cuales han sido sancionados desde el punto de vista preventivo regidos por el art\u00edculo 419 del C\u00f3digo Penal y la Ley 358-05 de Protecci\u00f3n al Consumidor.<\/p>\n\n\n\n<p>Alc\u00e1ntara indic\u00f3 que es competencia de la entidad \u0308realizar estudios de mercado, mediante encuestas de an\u00e1lisis de precios y de abasto de los bienes y servicios que por su incidencia en el gasto familiar sean considerados de primera necesidad, como lo establece el art\u00edculo 31 de la Ley 358-05de Protecci\u00f3n al Consumidor.<\/p>\n\n\n\n<p>Finalmente, dijo que Pro Consumidor ha comprobado la efectividad de la intervenci\u00f3n del presidente Luis Abinader, mediante la comparaci\u00f3n de precios cada semana en negocios de diferentes categor\u00edas, como almacenes, supermercados, colmados y otros.<\/p>\n\n\n\n<p><strong>DEPARTAMENTO DE COMUNICACIONES<\/strong><\/p>\n\n\n\n<p><\/p>\n","protected":false},"excerpt":{"rendered":"<p>SANTO DOMINGO.- El director ejecutivo del Instituto Nacional de Protecci\u00f3n de los Derechos del Consumidor (Pro Consumidor), Eddy Alc\u00e1ntara, declar\u00f3 que esa instituci\u00f3n \u201cno bajar\u00e1 la guardia\u201d frente a los comercios que incurran en la especulaci\u00f3n de los precios de los productos de la canasta b\u00e1sica. Alc\u00e1ntara manifest\u00f3 en ese sentido, que se mantendr\u00e1n vigilantes [&hellip;]<\/p>\n","protected":false},"author":7,"featured_media":284735,"comment_status":"closed","ping_status":"","sticky":true,"template":"","format":"standard","meta":{"footnotes":""},"categories":[18,27],"tags":[],"class_list":["post-288134","post","type-post","status-publish","format-standard","has-post-thumbnail","hentry","category-economia","category-portada"],"_links":{"self":[{"href":"https:\/\/diariodominicano.com\/index.php?rest_route=\/wp\/v2\/posts\/288134","targetHints":{"allow":["GET"]}}],"collection":[{"href":"https:\/\/diariodominicano.com\/index.php?rest_route=\/wp\/v2\/posts"}],"about":[{"href":"https:\/\/diariodominicano.com\/index.php?rest_route=\/wp\/v2\/types\/post"}],"author":[{"embeddable":true,"href":"https:\/\/diariodominicano.com\/index.php?rest_route=\/wp\/v2\/users\/7"}],"replies":[{"embeddable":true,"href":"https:\/\/diariodominicano.com\/index.php?rest_route=%2Fwp%2Fv2%2Fcomments&post=288134"}],"version-history":[{"count":1,"href":"https:\/\/diariodominicano.com\/index.php?rest_route=\/wp\/v2\/posts\/288134\/revisions"}],"predecessor-version":[{"id":288163,"href":"https:\/\/diariodominicano.com\/index.php?rest_route=\/wp\/v2\/posts\/288134\/revisions\/288163"}],"wp:featuredmedia":[{"embeddable":true,"href":"https:\/\/diariodominicano.com\/index.php?rest_route=\/wp\/v2\/media\/284735"}],"wp:attachment":[{"href":"https:\/\/diariodominicano.com\/index.php?rest_route=%2Fwp%2Fv2%2Fmedia&parent=288134"}],"wp:term":[{"taxonomy":"category","embeddable":true,"href":"https:\/\/diariodominicano.com\/index.php?rest_route=%2Fwp%2Fv2%2Fcategories&post=288134"},{"taxonomy":"post_tag","embeddable":true,"href":"https:\/\/diariodominicano.com\/index.php?rest_route=%2Fwp%2Fv2%2Ftags&post=288134"}],"curies":[{"name":"wp","href":"https:\/\/api.w.org\/{rel}","templated":true}]}}