{"id":288133,"date":"2021-07-21T14:08:17","date_gmt":"2021-07-21T18:08:17","guid":{"rendered":"http:\/\/diariodominicano.com\/?p=288133"},"modified":"2021-07-22T00:17:10","modified_gmt":"2021-07-22T04:17:10","slug":"fallece-dona-yolanda-reyna-madre-del-expresidente-leonel-fernandez","status":"publish","type":"post","link":"https:\/\/diariodominicano.com\/?p=288133","title":{"rendered":"Fallece do\u00f1a Yolanda Reyna, madre del expresidente Leonel Fern\u00e1ndez"},"content":{"rendered":"\n<h2 class=\"wp-block-heading\">Por Awilda Cuello <\/h2>\n\n\n\n<p><br>SANTO DOMINGO.\u2013 21 julio, 2021.- Falleci\u00f3 este mi\u00e9rcoles do\u00f1a Yolanda Reyna, madre del expresidente Leonel Fern\u00e1ndez.<\/p>\n\n\n\n<p>La dama, de 94 a\u00f1os de edad, fue ingresada ayer martes en la unidad de cuidados intensivos de la cl\u00ednica Abel Gonz\u00e1lez, de la avenida Abraham Lincoln. <\/p>\n\n\n\n<p>La salud de do\u00f1a Yolanda se vio agravada luego de ser operada de la cadera por una ca\u00edda el pasado 7 de julio.<\/p>\n\n\n\n<p>El expresidente Fern\u00e1ndez confirm\u00f3 el fallecimiento de su progenitora a trav\u00e9s de su cuenta de Twitter, donde pidi\u00f3 a Dios consuelo y sabidur\u00eda para sobrellevar el dolor de la partida de su madre. <\/p>\n\n\n\n<figure class=\"wp-block-embed is-type-rich is-provider-twitter wp-block-embed-twitter\"><div class=\"wp-block-embed__wrapper\">\n<blockquote class=\"twitter-tweet\" data-width=\"550\" data-dnt=\"true\"><p lang=\"es\" dir=\"ltr\">Paso por el profundo pesar de informarles que mi adorada madre, do\u00f1a Yolanda, ha fallecido en horas de la ma\u00f1ana. Agradecemos sinceramente la solidaridad en este dif\u00edcil momento y pido a Dios consuelo y sabidur\u00eda para sobrellevar el dolor de su partida. Te amamos, descansa en paz<\/p>&mdash; Leonel Fern\u00e1ndez (@LeonelFernandez) <a href=\"https:\/\/twitter.com\/LeonelFernandez\/status\/1417878613614112771?ref_src=twsrc%5Etfw\">July 21, 2021<\/a><\/blockquote><script async src=\"https:\/\/platform.twitter.com\/widgets.js\" charset=\"utf-8\"><\/script>\n<\/div><\/figure>\n\n\n\n<p>Una fuente dijo a El D\u00eda que do\u00f1a Reyna expir\u00f3 en presencia de su hijo, Leonel Fern\u00e1ndez, quien en ese momento la estaba acariciando. Y que la dama falleci\u00f3 a causa de un paro respiratorio a las 11:25 de la ma\u00f1ana.<\/p>\n\n\n\n<p>Fern\u00e1ndez decidi\u00f3 ayer suspender todas las actividades del partido Fuerza del Pueblo, hasta tanto la salud de su madre mejorara.<\/p>\n\n\n\n<figure class=\"wp-block-embed is-type-rich is-provider-twitter wp-block-embed-twitter\"><div class=\"wp-block-embed__wrapper\">\n<blockquote class=\"twitter-tweet\" data-width=\"550\" data-dnt=\"true\"><p lang=\"es\" dir=\"ltr\">Hago de conocimiento p\u00fablico que, para acompa\u00f1ar a mi madre, do\u00f1a Yolanda, en el proceso de recuperaci\u00f3n de su salud, afectada estas semanas por una intervenci\u00f3n en su cadera, suspendo por el momento mi agenda de trabajo.<br>Agradezco sus mensajes de preocupaci\u00f3n y solidaridad.<\/p>&mdash; Leonel Fern\u00e1ndez (@LeonelFernandez) <a href=\"https:\/\/twitter.com\/LeonelFernandez\/status\/1417535452794470406?ref_src=twsrc%5Etfw\">July 20, 2021<\/a><\/blockquote><script async src=\"https:\/\/platform.twitter.com\/widgets.js\" charset=\"utf-8\"><\/script>\n<\/div><\/figure>\n\n\n\n<figure class=\"wp-block-embed is-type-video is-provider-youtube wp-block-embed-youtube wp-embed-aspect-16-9 wp-has-aspect-ratio\"><div class=\"wp-block-embed__wrapper\">\nhttps:\/\/youtu.be\/oYJMcjeBKe4\n<\/div><\/figure>\n","protected":false},"excerpt":{"rendered":"<p>Por Awilda Cuello SANTO DOMINGO.\u2013 21 julio, 2021.- Falleci\u00f3 este mi\u00e9rcoles do\u00f1a Yolanda Reyna, madre del expresidente Leonel Fern\u00e1ndez. La dama, de 94 a\u00f1os de edad, fue ingresada ayer martes en la unidad de cuidados intensivos de la cl\u00ednica Abel Gonz\u00e1lez, de la avenida Abraham Lincoln. La salud de do\u00f1a Yolanda se vio agravada luego [&hellip;]<\/p>\n","protected":false},"author":7,"featured_media":288137,"comment_status":"closed","ping_status":"","sticky":true,"template":"","format":"standard","meta":{"footnotes":""},"categories":[20,27],"tags":[],"class_list":["post-288133","post","type-post","status-publish","format-standard","has-post-thumbnail","hentry","category-dominicana-hoy","category-portada"],"_links":{"self":[{"href":"https:\/\/diariodominicano.com\/index.php?rest_route=\/wp\/v2\/posts\/288133","targetHints":{"allow":["GET"]}}],"collection":[{"href":"https:\/\/diariodominicano.com\/index.php?rest_route=\/wp\/v2\/posts"}],"about":[{"href":"https:\/\/diariodominicano.com\/index.php?rest_route=\/wp\/v2\/types\/post"}],"author":[{"embeddable":true,"href":"https:\/\/diariodominicano.com\/index.php?rest_route=\/wp\/v2\/users\/7"}],"replies":[{"embeddable":true,"href":"https:\/\/diariodominicano.com\/index.php?rest_route=%2Fwp%2Fv2%2Fcomments&post=288133"}],"version-history":[{"count":3,"href":"https:\/\/diariodominicano.com\/index.php?rest_route=\/wp\/v2\/posts\/288133\/revisions"}],"predecessor-version":[{"id":288259,"href":"https:\/\/diariodominicano.com\/index.php?rest_route=\/wp\/v2\/posts\/288133\/revisions\/288259"}],"wp:featuredmedia":[{"embeddable":true,"href":"https:\/\/diariodominicano.com\/index.php?rest_route=\/wp\/v2\/media\/288137"}],"wp:attachment":[{"href":"https:\/\/diariodominicano.com\/index.php?rest_route=%2Fwp%2Fv2%2Fmedia&parent=288133"}],"wp:term":[{"taxonomy":"category","embeddable":true,"href":"https:\/\/diariodominicano.com\/index.php?rest_route=%2Fwp%2Fv2%2Fcategories&post=288133"},{"taxonomy":"post_tag","embeddable":true,"href":"https:\/\/diariodominicano.com\/index.php?rest_route=%2Fwp%2Fv2%2Ftags&post=288133"}],"curies":[{"name":"wp","href":"https:\/\/api.w.org\/{rel}","templated":true}]}}