{"id":288129,"date":"2021-07-21T13:46:47","date_gmt":"2021-07-21T17:46:47","guid":{"rendered":"http:\/\/diariodominicano.com\/?p=288129"},"modified":"2021-07-21T13:46:47","modified_gmt":"2021-07-21T17:46:47","slug":"infotep-y-proindustria-firman-acuerdo-para-impulsar-productividad-y-competitividad-en-el-sector-industrial-de-cara-a-la-revolucion-4-0","status":"publish","type":"post","link":"https:\/\/diariodominicano.com\/?p=288129","title":{"rendered":"INFOTEP y PROINDUSTRIA firman acuerdo para impulsar productividad y competitividad en el sector industrial, de cara a la revoluci\u00f3n 4.0"},"content":{"rendered":"\n<p>diariodominicano.com<\/p>\n\n\n\n<p>Santo Domingo, R. D.,  21 de julio, 2021.-  Con el objetivo de fomentar la industrializaci\u00f3n competitiva y sostenible del aparato productivo nacional, el Instituto Nacional de Formaci\u00f3n T\u00e9cnico Profesional (INFOTEP) y el Centro de Desarrollo y Competitividad Industrial\u00a0 (PROINDUSTRIA) suscribieron un acuerdo interinstitucional para dotar a j\u00f3venes dominicanos de competencias necesarias para que puedan insertarse exitosamente en el mercado laboral.<\/p>\n\n\n\n<p>El acuerdo suscrito por los directores generales del INFOTEP, Rafael Santos Bad\u00eda, y de PROINDUSTRIA, Ulises Rodr\u00edguez, tendr\u00e1 una vigencia de cuatro a\u00f1os y permitir\u00e1 elevar el nivel de cualificaci\u00f3n del personal humano y mejorar la productividad y los procesos de innovaci\u00f3n en el sector industrial manufacturero de la Rep\u00fablica Dominicana.<\/p>\n\n\n\n<p>Santos Bad\u00eda expres\u00f3 que el convenio consolida la relaci\u00f3n que mantienen el INFOTEP y PROINDUSTRIA, con el inter\u00e9s de continuar desarrollando proyectos de especializaci\u00f3n del capital humano de las industrias manufactureras, de cara a los desaf\u00edos que trae consigo la Cuarta Revoluci\u00f3n Industrial.<\/p>\n\n\n\n<p>Manifest\u00f3 que, a pesar de la incidencia del COVID-19,&nbsp; en lo que va de a\u00f1o, el INFOTEP ha capacitado a 823 participantes del \u00e1rea manufacturera y que desde el 2015 a la fecha han sido capacitados 7,131 colaboradores de las industrias asociadas a PROINDUSTRIA, con la impartici\u00f3n de 358 acciones formativas.<\/p>\n\n\n\n<p>Cit\u00f3 entre las acciones formativas impartidas, Buenas pr\u00e1cticas de almac\u00e9n, Buenas pr\u00e1cticas manufactureras, Calidad y Productividad, Costos de Producci\u00f3n, Gesti\u00f3n de almac\u00e9n e inventario, An\u00e1lisis de costos de producci\u00f3n para el sector manufacturero, Liderazgo transformacional, Seguridad e Higiene ocupacional, Sistema de producci\u00f3n Kanban y Kaizen, o las T\u00e9cnicas de 5s, entre otras.<\/p>\n\n\n\n<p>Santos Bad\u00eda refiri\u00f3 que \u201cla Estrategia Nacional de Desarrollo (END) establece como eje estrat\u00e9gico la existencia de una econom\u00eda articulada, innovadora y ambientalmente sostenible, con una estructura productiva que genere crecimiento alto y sostenido, con trabajo digno y que permita que el pa\u00eds se inserte de forma competitiva en la econom\u00eda global\u201d.<\/p>\n\n\n\n<p>\u201cEn tal sentido, anot\u00f3, el presidente de la Rep\u00fablica, Luis Abinader, ha priorizado aumentar la productividad del sector industrial, as\u00ed como, la calidad de los productos; la creaci\u00f3n de cadenas de valor que aumenten los productos con vocaci\u00f3n exportadora; mejorar la tecnolog\u00eda en los procesos industriales; modificar las leyes que regulan el sector industrial\u201d.<\/p>\n\n\n\n<p><strong>23 parques de zonas francas y m\u00e1s de 20 mil empleados<\/strong><\/p>\n\n\n\n<p>De su lado, el director general de PROINDUSTRIA asegur\u00f3 que esa instituci\u00f3n tiene la responsabilidad de ofrecer variados servicios a la industria dominicana como son el registro y la calificaci\u00f3n; pero, adem\u00e1s, administra unos 23 parques de zonas francas en los que operan decenas de empresas con m\u00e1s de 20 mil trabajadores y trabajadoras.<\/p>\n\n\n\n<p>&nbsp;\u201cCada d\u00eda es mayor el n\u00famero de inversionistas interesados en instalar sus empresas en esos parques, que luc\u00edan abandonados, y en los que ahora crece la demanda de mano de obra. Este acuerdo entre nuestras instituciones tiene una importancia capital en materia de capacitaci\u00f3n de ese personal y del personal de todas las industrias del pa\u00eds\u201d, expuso Ulises Rodr\u00edguez.<\/p>\n\n\n\n<p>Manifest\u00f3 el apoyo de su instituci\u00f3n al INFOTEP en su compromiso de dotar de conocimiento, capacitaci\u00f3n y actualizaci\u00f3n al capital humano, para alcanzar mayores niveles de productividad y competitividad del sector industrial del pa\u00eds.<\/p>\n\n\n\n<p>Rodr\u00edguez respald\u00f3 la Consulta Nacional sobre el Futuro de la Formaci\u00f3n T\u00e9cnico Profesional que realiza el INFOTEP, para desarrollar y construir planes de capacitaci\u00f3n, acorde con las nuevas necesidades de los sectores productivos, y que concluir\u00e1 los d\u00edas 28 y 29 pr\u00f3ximos con un Gran Congreso Nacional.<\/p>\n\n\n\n<p>El INFOTEP realiza desde hace&nbsp; tres meses esa consulta para dar respuestas oportunas a los cambios que trae consigo la Revoluci\u00f3n 4.0 y conocer la opini\u00f3n de sectores productivos, laborales, gubernamentales, acad\u00e9micos, religiosos, comunitarios y pol\u00edticos, externos e internos, con miras a construir las bases conceptuales de lo que ser\u00e1 ese sistema de capacitaci\u00f3n en el pa\u00eds.<\/p>\n\n\n\n<p><strong>El convenio<\/strong><\/p>\n\n\n\n<p>Fue firmado en el auditorio del Edificio Corporativo Institucional (ECI) del INFOTEP, en presencia de otros funcionarios de esa instituci\u00f3n y de PROINDUSTRIA.<\/p>\n\n\n\n<p>El convenio incluye evaluar la divulgaci\u00f3n de pasant\u00edas e inserci\u00f3n laboral para los participantes egresados de las acciones de formaci\u00f3n impartidas por el INFOTEP; as\u00ed como, la implementaci\u00f3n del programa de Formaci\u00f3n Dual, en las \u00e1reas de inter\u00e9s de las partes.<\/p>\n\n\n\n<p>Adicionalmente, INFOTEP asignar\u00e1 t\u00e9cnicos a solicitud de PROINDUSTRIA para validar los conocimientos adquiridos de los participantes, a trav\u00e9s de las capacitaciones ofrecidas dentro del Programa Nacional de Capacitaci\u00f3n para las Industrias.<\/p>\n\n\n\n<p>Para el desarrollo de las iniciativas que se desprenden de este acuerdo, las partes, elaborar\u00e1n un plan de trabajo y presupuesto, con miras al logro del objetivo del presente acuerdo.<\/p>\n\n\n\n<p>Fuente: <em><strong>Desir\u00e9e Mart\u00ednez<\/strong><\/em><br><em>Directora de Relaciones P\u00fablicas<\/em><\/p>\n\n\n\n<p><em>Instituto Nacional de Formaci\u00f3n T\u00e9cnico Profesional<\/em><\/p>\n\n\n\n<figure class=\"wp-block-table\"><table><tbody><tr><td><strong>Jose Tejada Gomez<\/strong><\/td><\/tr><\/tbody><\/table><\/figure>\n","protected":false},"excerpt":{"rendered":"<p>diariodominicano.com Santo Domingo, R. D., 21 de julio, 2021.- Con el objetivo de fomentar la industrializaci\u00f3n competitiva y sostenible del aparato productivo nacional, el Instituto Nacional de Formaci\u00f3n T\u00e9cnico Profesional (INFOTEP) y el Centro de Desarrollo y Competitividad Industrial\u00a0 (PROINDUSTRIA) suscribieron un acuerdo interinstitucional para dotar a j\u00f3venes dominicanos de competencias necesarias para que puedan [&hellip;]<\/p>\n","protected":false},"author":5,"featured_media":288130,"comment_status":"closed","ping_status":"","sticky":true,"template":"","format":"standard","meta":{"footnotes":""},"categories":[20,27],"tags":[],"class_list":["post-288129","post","type-post","status-publish","format-standard","has-post-thumbnail","hentry","category-dominicana-hoy","category-portada"],"_links":{"self":[{"href":"https:\/\/diariodominicano.com\/index.php?rest_route=\/wp\/v2\/posts\/288129","targetHints":{"allow":["GET"]}}],"collection":[{"href":"https:\/\/diariodominicano.com\/index.php?rest_route=\/wp\/v2\/posts"}],"about":[{"href":"https:\/\/diariodominicano.com\/index.php?rest_route=\/wp\/v2\/types\/post"}],"author":[{"embeddable":true,"href":"https:\/\/diariodominicano.com\/index.php?rest_route=\/wp\/v2\/users\/5"}],"replies":[{"embeddable":true,"href":"https:\/\/diariodominicano.com\/index.php?rest_route=%2Fwp%2Fv2%2Fcomments&post=288129"}],"version-history":[{"count":1,"href":"https:\/\/diariodominicano.com\/index.php?rest_route=\/wp\/v2\/posts\/288129\/revisions"}],"predecessor-version":[{"id":288131,"href":"https:\/\/diariodominicano.com\/index.php?rest_route=\/wp\/v2\/posts\/288129\/revisions\/288131"}],"wp:featuredmedia":[{"embeddable":true,"href":"https:\/\/diariodominicano.com\/index.php?rest_route=\/wp\/v2\/media\/288130"}],"wp:attachment":[{"href":"https:\/\/diariodominicano.com\/index.php?rest_route=%2Fwp%2Fv2%2Fmedia&parent=288129"}],"wp:term":[{"taxonomy":"category","embeddable":true,"href":"https:\/\/diariodominicano.com\/index.php?rest_route=%2Fwp%2Fv2%2Fcategories&post=288129"},{"taxonomy":"post_tag","embeddable":true,"href":"https:\/\/diariodominicano.com\/index.php?rest_route=%2Fwp%2Fv2%2Ftags&post=288129"}],"curies":[{"name":"wp","href":"https:\/\/api.w.org\/{rel}","templated":true}]}}