{"id":288120,"date":"2021-07-21T13:04:04","date_gmt":"2021-07-21T17:04:04","guid":{"rendered":"http:\/\/diariodominicano.com\/?p=288120"},"modified":"2021-07-21T13:05:39","modified_gmt":"2021-07-21T17:05:39","slug":"nuevo-comite-ejecutivo-presenta-acroarte-studio","status":"publish","type":"post","link":"https:\/\/diariodominicano.com\/?p=288120","title":{"rendered":"Nuevo Comit\u00e9 Ejecutivo presenta Acroarte Studio"},"content":{"rendered":"\n<p>diariodominicano.com<\/p>\n\n\n\n<p><em>Emelyn Baldera anunci\u00f3 el programa de intercambio, di\u00e1logo y capacidades para nuevas voces de la cr\u00f3nica de arte en la Rep\u00fablica Dominicana<\/em><\/p>\n\n\n\n<p>Santo Domingo, R. D., 21 de julio, 2021.-   El Comit\u00e9 Ejecutivo electo de Acroarte (2021-2023), que preside la periodista Emelyn Baldera, presenta\u00a0 el programa Acroarte Studio, con la intenci\u00f3n de generar una din\u00e1mica de 360 con las nuevas voces de la cr\u00f3nica de arte de la Rep\u00fablica Dominicana.<\/p>\n\n\n\n<p>Baldera explic\u00f3 que con&nbsp; esta iniciativa el estudiantado de las carreras de comunicaci\u00f3n, periodismo, cine, publicidad, que ya han creado espacios propios para narrar, desde plataformas digitales o streaming, diversos \u00e1ngulos del arte nacional, podr\u00e1n participar durante un a\u00f1o en \u201cespacios de di\u00e1logos, consensos e interacci\u00f3n\u201d, auspiciados por Acroarte.<\/p>\n\n\n\n<p>La presidenta electa explic\u00f3 que durante el per\u00edodo 2021-2023 participar\u00e1n por a\u00f1o, 10 j\u00f3venes que muestren sus innovaciones en la cr\u00f3nica de arte, que de acuerdo a una investigaci\u00f3n desarrollada por el Comit\u00e9 Ejecutivo 2021-2023, se han convertido en una expresi\u00f3n renovadora de la cr\u00f3nica de arte nacional, y que por ello debe ser integrada a la amplia e integradora mirada que durante m\u00e1s de tres d\u00e9cadas ha generado Acroarte.<\/p>\n\n\n\n<p>El programa est\u00e1 compuesto por Acroarte Studio Residente, Acroarte Studio Capacita y Acroarte Studio Mentor\u00eda, lo que permitir\u00e1 una interacci\u00f3n constante con la cr\u00f3nica del arte y del espect\u00e1culo del pa\u00eds.<\/p>\n\n\n\n<div class=\"wp-block-image\"><figure class=\"alignleft size-large is-resized\"><img decoding=\"async\" src=\"https:\/\/diariodominicano.com\/wp-content\/uploads\/2021\/07\/Programa-Acroarte-Capacita21-7-21-1024x683.jpg\" alt=\"\" class=\"wp-image-288123\" width=\"-263\" height=\"-175\" srcset=\"https:\/\/diariodominicano.com\/wp-content\/uploads\/2021\/07\/Programa-Acroarte-Capacita21-7-21-1024x683.jpg 1024w, https:\/\/diariodominicano.com\/wp-content\/uploads\/2021\/07\/Programa-Acroarte-Capacita21-7-21-300x200.jpg 300w, https:\/\/diariodominicano.com\/wp-content\/uploads\/2021\/07\/Programa-Acroarte-Capacita21-7-21-768x512.jpg 768w, https:\/\/diariodominicano.com\/wp-content\/uploads\/2021\/07\/Programa-Acroarte-Capacita21-7-21-1536x1024.jpg 1536w, https:\/\/diariodominicano.com\/wp-content\/uploads\/2021\/07\/Programa-Acroarte-Capacita21-7-21-2048x1365.jpg 2048w, https:\/\/diariodominicano.com\/wp-content\/uploads\/2021\/07\/Programa-Acroarte-Capacita21-7-21-816x544.jpg 816w\" sizes=\"(max-width: 1024px) 100vw, 1024px\" \/><figcaption>El programa Acroarte Capacita inici\u00f3 en 2017 y a trav\u00e9s del mismo la instituci\u00f3n impact\u00f3 a m\u00e1s de 400 j\u00f3venes de todo el pa\u00eds<\/figcaption><\/figure><\/div>\n\n\n\n<p>\u201cCon Acroarte Studio Residente el estudiantado participante podr\u00e1 interactuar y tener un intercambio constante con el ecosistema medi\u00e1tico de la entidad y sus programas. Podr\u00e1 innovar en las \u00e1reas de redes sociales, plataformas streaming, repositorios digitales, relaciones p\u00fablicas y protocolo\u201d, coment\u00f3 la reci\u00e9n electa presidenta de Acroarte.<\/p>\n\n\n\n<p>De igual manera, Acroarte Studio Capacita dar\u00e1 un lugar de principal\u00eda en los cursos y formaci\u00f3n que les permitir\u00e1n a estos j\u00f3venes aumentar sus capacidades para la cr\u00f3nica de arte y espect\u00e1culo. Mientras que con Acroarte Studio Mentor\u00eda se podr\u00e1 tener mentor\u00edas de cronistas de espect\u00e1culos y artes, as\u00ed como de artistas de su inter\u00e9s para continuar innovando en sus plataformas.&nbsp;<\/p>\n\n\n\n<p>\u201cEste proyecto es la continuidad del trabajo que iniciamos en 2017 con Acroarte Capacita, un programa con el que impactamos a m\u00e1s de 400 personas en su mayor\u00eda j\u00f3venes. Siempre hemos cre\u00eddo que Acroarte debe seguir aportando en la formaci\u00f3n de los nuevos profesionales de las distintas \u00e1reas que impactamos y por eso ahora ampliamos mucho m\u00e1s esas posibilidades\u201d.<\/p>\n\n\n\n<p>Para participar en Acroarte Studio,&nbsp; que abrir\u00e1 sus aplicaciones desde ahora y hasta el 20 de agosto, se debe remitir al correo&nbsp;<a href=\"mailto:acroartestudio@gmail.com\" target=\"_blank\" rel=\"noreferrer noopener\">acroartestudio@gmail.com<\/a>&nbsp;hoja de vida y profesional actualizada,&nbsp; comprobante de que cursa una de las siguientes licenciaturas: comunicaci\u00f3n social, periodismo, relaciones p\u00fablicas, cine, publicidad, comunicaci\u00f3n audiovisual, comunicaci\u00f3n corporativa; carta de motivaci\u00f3n y carpeta del trabajo innovador que desarrolla articulado con la cr\u00f3nica de arte y espect\u00e1culo.<\/p>\n\n\n\n<p>Tambi\u00e9n, carta de recomendaci\u00f3n de profesional de la comunicaci\u00f3n\/ carta de docente de la carrera que estudia y video de por qu\u00e9 requiere ser parte del programa.<\/p>\n\n\n\n<p>Consulta en las redes sociales de Acroarte para conocer m\u00e1s beneficios de este programa que llevar\u00e1 a cabo el reci\u00e9n electo Comit\u00e9 Ejecutivo 2021-2023.<\/p>\n\n\n\n<p>Pie de foto:<\/p>\n\n\n\n<p>1-El programa Acroarte Capacita inici\u00f3 en 2017 y a trav\u00e9s del mismo la instituci\u00f3n impact\u00f3 a m\u00e1s de 400 j\u00f3venes de todo el pa\u00eds.<\/p>\n\n\n\n<p>2- Miralba Ruiz y Roberto Cavada trataron el tema de la Comunicaci\u00f3n en el Siglo 21 en una de las jornadas de Acroarte Capacita llevadas a cabo en el Teatro Nacional.<\/p>\n\n\n\n<p>Fuente:  <strong>ACROARTE.\u00a0(Asociaci\u00f3n de Cronistas de Arte de la Rep\u00fablica Dominicana, Inc.)<\/strong><\/p>\n","protected":false},"excerpt":{"rendered":"<p>Miralba Ruiz y Roberto Cavada trataron el tema de la Comunicaci\u00f3n en el Siglo 21 en una de las jornadas de Acroarte Capacita llevadas a cabo en el Teatro Nacional<\/p>\n","protected":false},"author":5,"featured_media":288121,"comment_status":"closed","ping_status":"","sticky":true,"template":"","format":"standard","meta":{"footnotes":""},"categories":[25,27],"tags":[],"class_list":["post-288120","post","type-post","status-publish","format-standard","has-post-thumbnail","hentry","category-gente","category-portada"],"_links":{"self":[{"href":"https:\/\/diariodominicano.com\/index.php?rest_route=\/wp\/v2\/posts\/288120","targetHints":{"allow":["GET"]}}],"collection":[{"href":"https:\/\/diariodominicano.com\/index.php?rest_route=\/wp\/v2\/posts"}],"about":[{"href":"https:\/\/diariodominicano.com\/index.php?rest_route=\/wp\/v2\/types\/post"}],"author":[{"embeddable":true,"href":"https:\/\/diariodominicano.com\/index.php?rest_route=\/wp\/v2\/users\/5"}],"replies":[{"embeddable":true,"href":"https:\/\/diariodominicano.com\/index.php?rest_route=%2Fwp%2Fv2%2Fcomments&post=288120"}],"version-history":[{"count":3,"href":"https:\/\/diariodominicano.com\/index.php?rest_route=\/wp\/v2\/posts\/288120\/revisions"}],"predecessor-version":[{"id":288125,"href":"https:\/\/diariodominicano.com\/index.php?rest_route=\/wp\/v2\/posts\/288120\/revisions\/288125"}],"wp:featuredmedia":[{"embeddable":true,"href":"https:\/\/diariodominicano.com\/index.php?rest_route=\/wp\/v2\/media\/288121"}],"wp:attachment":[{"href":"https:\/\/diariodominicano.com\/index.php?rest_route=%2Fwp%2Fv2%2Fmedia&parent=288120"}],"wp:term":[{"taxonomy":"category","embeddable":true,"href":"https:\/\/diariodominicano.com\/index.php?rest_route=%2Fwp%2Fv2%2Fcategories&post=288120"},{"taxonomy":"post_tag","embeddable":true,"href":"https:\/\/diariodominicano.com\/index.php?rest_route=%2Fwp%2Fv2%2Ftags&post=288120"}],"curies":[{"name":"wp","href":"https:\/\/api.w.org\/{rel}","templated":true}]}}