{"id":288105,"date":"2021-07-21T10:58:53","date_gmt":"2021-07-21T14:58:53","guid":{"rendered":"http:\/\/diariodominicano.com\/?p=288105"},"modified":"2021-07-21T10:58:53","modified_gmt":"2021-07-21T14:58:53","slug":"presidente-de-republica-dominicana-felicita-a-mandatario-electo-de-peru","status":"publish","type":"post","link":"https:\/\/diariodominicano.com\/?p=288105","title":{"rendered":"Presidente de Rep\u00fablica Dominicana felicita a mandatario electo de Per\u00fa"},"content":{"rendered":"\n<p>diariodominicano.com<\/p>\n\n\n\n<p>Santo Domingo, 21 jul (Prensa Latina) El presidente de Rep\u00fablica Dominicana, Luis Abinader, felicit\u00f3 al pr\u00f3ximo mandatario de Per\u00fa, Pedro Castillo, quien triunf\u00f3 en la segunda vuelta de elecciones con un gran apoyo popular, se divulg\u00f3 hoy aqu\u00ed.<br>&#8216;Acabo de conversar con el presidente electo de Per\u00fa @PedroCastilloTe, a quien le deseamos \u00e9xitos y la amistad del pueblo dominicano&#8217;, escribi\u00f3 la v\u00edspera el jefe de Estado en su cuenta de Twitter.<\/p>\n\n\n\n<p>El Jurado Nacional de Elecciones (JNE) de la naci\u00f3n andina confirm\u00f3 este lunes a Castillo como nuevo presidente, tras declarar improcedentes y dilatorios los \u00faltimos cinco reclamos de la derrotada candidata neoliberal Keiko Fujimori.<\/p>\n\n\n\n<p>El nuevo presidente peruano es un profesor rural natural de la regi\u00f3n andina de Cajamarca, que con su victoria ech\u00f3 por tierra todos los pron\u00f3stico preelectorales y deber\u00e1 tomar posesi\u00f3n de su cargo el pr\u00f3ximo 28 de julio, coincidiendo con la celebraci\u00f3n de los 200 a\u00f1os de la independencia de Per\u00fa.<\/p>\n\n\n\n<p>mgt\/ema<\/p>\n","protected":false},"excerpt":{"rendered":"<p>diariodominicano.com Santo Domingo, 21 jul (Prensa Latina) El presidente de Rep\u00fablica Dominicana, Luis Abinader, felicit\u00f3 al pr\u00f3ximo mandatario de Per\u00fa, Pedro Castillo, quien triunf\u00f3 en la segunda vuelta de elecciones con un gran apoyo popular, se divulg\u00f3 hoy aqu\u00ed.&#8216;Acabo de conversar con el presidente electo de Per\u00fa @PedroCastilloTe, a quien le deseamos \u00e9xitos y la [&hellip;]<\/p>\n","protected":false},"author":5,"featured_media":288106,"comment_status":"closed","ping_status":"","sticky":true,"template":"","format":"standard","meta":{"footnotes":""},"categories":[20,27],"tags":[],"class_list":["post-288105","post","type-post","status-publish","format-standard","has-post-thumbnail","hentry","category-dominicana-hoy","category-portada"],"_links":{"self":[{"href":"https:\/\/diariodominicano.com\/index.php?rest_route=\/wp\/v2\/posts\/288105","targetHints":{"allow":["GET"]}}],"collection":[{"href":"https:\/\/diariodominicano.com\/index.php?rest_route=\/wp\/v2\/posts"}],"about":[{"href":"https:\/\/diariodominicano.com\/index.php?rest_route=\/wp\/v2\/types\/post"}],"author":[{"embeddable":true,"href":"https:\/\/diariodominicano.com\/index.php?rest_route=\/wp\/v2\/users\/5"}],"replies":[{"embeddable":true,"href":"https:\/\/diariodominicano.com\/index.php?rest_route=%2Fwp%2Fv2%2Fcomments&post=288105"}],"version-history":[{"count":1,"href":"https:\/\/diariodominicano.com\/index.php?rest_route=\/wp\/v2\/posts\/288105\/revisions"}],"predecessor-version":[{"id":288107,"href":"https:\/\/diariodominicano.com\/index.php?rest_route=\/wp\/v2\/posts\/288105\/revisions\/288107"}],"wp:featuredmedia":[{"embeddable":true,"href":"https:\/\/diariodominicano.com\/index.php?rest_route=\/wp\/v2\/media\/288106"}],"wp:attachment":[{"href":"https:\/\/diariodominicano.com\/index.php?rest_route=%2Fwp%2Fv2%2Fmedia&parent=288105"}],"wp:term":[{"taxonomy":"category","embeddable":true,"href":"https:\/\/diariodominicano.com\/index.php?rest_route=%2Fwp%2Fv2%2Fcategories&post=288105"},{"taxonomy":"post_tag","embeddable":true,"href":"https:\/\/diariodominicano.com\/index.php?rest_route=%2Fwp%2Fv2%2Ftags&post=288105"}],"curies":[{"name":"wp","href":"https:\/\/api.w.org\/{rel}","templated":true}]}}