{"id":288103,"date":"2021-07-21T10:20:32","date_gmt":"2021-07-21T14:20:32","guid":{"rendered":"http:\/\/diariodominicano.com\/?p=288103"},"modified":"2021-07-21T10:20:32","modified_gmt":"2021-07-21T14:20:32","slug":"papa-francisco-pide-seguir-trabajando-por-la-paz-y-la-reconciliacion-en-irak-tras-atentado","status":"publish","type":"post","link":"https:\/\/diariodominicano.com\/?p=288103","title":{"rendered":"Papa Francisco pide seguir trabajando \u201cpor la paz y la reconciliaci\u00f3n en Irak\u201d tras atentado"},"content":{"rendered":"\n<h2 class=\"wp-block-heading\">POR\u00a0<a href=\"https:\/\/plus.google.com\/101209498380451016558\/?rel=author\">BLANCA RUIZ<\/a>\u00a0| ACI Prensa<\/h2>\n\n\n\n<p>Vaticano, 21 de julio, 2021.-  El Papa Francisco envi\u00f3 un telegrama de condolencias tras la explosi\u00f3n que tuvo lugar en un mercado de Baghdad (Irak).\u00a0<\/p>\n\n\n\n<p>El Cardenal Pietro Parolin, secretario de Estado del Vaticano, envi\u00f3 un telegrama en nombre del Papa Francisco dirigido al nuncio apostolico en Iraq, Mons. Mitja Leskovar.<\/p>\n\n\n\n<p>En el mensaje el Papa expres\u00f3 su \u201cprofunda tristeza\u201d al conocer la explosi\u00f3n del mercado Al Wuhailat en Baghdad.\u00a0<\/p>\n\n\n\n<p>Un acto que posteriormente fue reivindicado por el Estado Isl\u00e1mico.&nbsp;<\/p>\n\n\n\n<p>Seg\u00fan informaron diversos medios, la explosi\u00f3n caus\u00f3 35 muertos y 57 heridos y estaba dirigido a la poblaci\u00f3n chi\u00edta.&nbsp;<\/p>\n\n\n\n<p>En el telegrama, el Papa mostr\u00f3 sus condolencias a los familiares y amigos de los fallecidos y encomend\u00f3 sus almas a la misericordia de Dios todopoderoso.\u00a0\u00a0<\/p>\n\n\n\n<p>Adem\u00e1s el Papa renov\u00f3 sus \u201cfervientes oraciones\u201d para que \u201cning\u00fan acto de violencia debilite los esfuerzos de aquellos que trabajan para la promoci\u00f3n de la reconciliaci\u00f3n y la paz en Iraq\u201d.&nbsp;<\/p>\n\n\n\n<p>Seg\u00fan informaron medios locales iraqu\u00edes, el atentado se produjo en la v\u00edspera de la fiesta musulmana del Sacrificio. Esta fiesta recuerda la prueba de Dios a Abraham y por eso los musulmanes compran ganado para sacrificarlo en su memoria.&nbsp;<\/p>\n\n\n\n<p>El Patriarca Caldeo, el Cardenal Raphael Sako hab\u00eda enviado un mensaje a los musulmanes con motivo de esta festividad en el que hab\u00eda animado a la unidad y a la cooperaci\u00f3n entre las comunidades \u201cpara que nuestro pa\u00eds se recupere por completo\u201d.\u00a0<\/p>\n\n\n\n<p><\/p>\n","protected":false},"excerpt":{"rendered":"<p>POR\u00a0BLANCA RUIZ\u00a0| ACI Prensa Vaticano, 21 de julio, 2021.- El Papa Francisco envi\u00f3 un telegrama de condolencias tras la explosi\u00f3n que tuvo lugar en un mercado de Baghdad (Irak).\u00a0 El Cardenal Pietro Parolin, secretario de Estado del Vaticano, envi\u00f3 un telegrama en nombre del Papa Francisco dirigido al nuncio apostolico en Iraq, Mons. Mitja Leskovar. [&hellip;]<\/p>\n","protected":false},"author":5,"featured_media":286345,"comment_status":"closed","ping_status":"","sticky":true,"template":"","format":"standard","meta":{"footnotes":""},"categories":[23,27],"tags":[],"class_list":["post-288103","post","type-post","status-publish","format-standard","has-post-thumbnail","hentry","category-internacional","category-portada"],"_links":{"self":[{"href":"https:\/\/diariodominicano.com\/index.php?rest_route=\/wp\/v2\/posts\/288103","targetHints":{"allow":["GET"]}}],"collection":[{"href":"https:\/\/diariodominicano.com\/index.php?rest_route=\/wp\/v2\/posts"}],"about":[{"href":"https:\/\/diariodominicano.com\/index.php?rest_route=\/wp\/v2\/types\/post"}],"author":[{"embeddable":true,"href":"https:\/\/diariodominicano.com\/index.php?rest_route=\/wp\/v2\/users\/5"}],"replies":[{"embeddable":true,"href":"https:\/\/diariodominicano.com\/index.php?rest_route=%2Fwp%2Fv2%2Fcomments&post=288103"}],"version-history":[{"count":1,"href":"https:\/\/diariodominicano.com\/index.php?rest_route=\/wp\/v2\/posts\/288103\/revisions"}],"predecessor-version":[{"id":288104,"href":"https:\/\/diariodominicano.com\/index.php?rest_route=\/wp\/v2\/posts\/288103\/revisions\/288104"}],"wp:featuredmedia":[{"embeddable":true,"href":"https:\/\/diariodominicano.com\/index.php?rest_route=\/wp\/v2\/media\/286345"}],"wp:attachment":[{"href":"https:\/\/diariodominicano.com\/index.php?rest_route=%2Fwp%2Fv2%2Fmedia&parent=288103"}],"wp:term":[{"taxonomy":"category","embeddable":true,"href":"https:\/\/diariodominicano.com\/index.php?rest_route=%2Fwp%2Fv2%2Fcategories&post=288103"},{"taxonomy":"post_tag","embeddable":true,"href":"https:\/\/diariodominicano.com\/index.php?rest_route=%2Fwp%2Fv2%2Ftags&post=288103"}],"curies":[{"name":"wp","href":"https:\/\/api.w.org\/{rel}","templated":true}]}}