{"id":288001,"date":"2021-07-20T23:28:14","date_gmt":"2021-07-21T03:28:14","guid":{"rendered":"http:\/\/diariodominicano.com\/?p=288001"},"modified":"2021-07-20T23:28:14","modified_gmt":"2021-07-21T03:28:14","slug":"jac-levanta-suspension-de-las-operaciones-aereas-desde-y-hacia-la-republica-de-haiti","status":"publish","type":"post","link":"https:\/\/diariodominicano.com\/?p=288001","title":{"rendered":"JAC  levanta suspensi\u00f3n de las operaciones a\u00e9reas desde y hacia la Rep\u00fablica de Hait\u00ed"},"content":{"rendered":"\n<p>diariodominicano.com<\/p>\n\n\n\n<p>Santo Domingo, R. D., 20 de julio, 2021.- La\u00a0 Junta de Aviaci\u00f3n Civil encabezada por su presidente,\u00a0 Dr. Jos\u00e9 E. Marte Piantini, inform\u00f3 que en la tarde de hoy se celebr\u00f3 una sesi\u00f3n extraordinaria en la que se dispuso la reanudaci\u00f3n de las operaciones a\u00e9reas desde y hacia la Rep\u00fablica de\u00a0 Hait\u00ed.<br><br>Marte Piantini, destac\u00f3 que la aviaci\u00f3n es la forma m\u00e1s segura para trasladarse, debido a los controles de seguridad existentes en los aeropuertos y aerol\u00edneas.<br><br>El punto \u00fanico de la sesi\u00f3n extraordinaria del d\u00eda de hoy fue el levantamiento de la suspensi\u00f3n de las operaciones a\u00e9reas desde y hacia la Rep\u00fablica de Hait\u00ed. En ese sentido, por las atribuciones que le otorga la ley, el pleno de la Junta de Aviaci\u00f3n Civil dict\u00f3 la Resoluci\u00f3n 157-2021, que deroga las Resoluciones 144-2021 y 145-2021 de fechas 7 y 9 de julio de 2021, respectivamente, en las cuales se suspend\u00edan dichas operaciones y se contemplaba de manera excepcional los vuelos de repatriaci\u00f3n de ciudadanos dominicanos, personal diplom\u00e1tico dominicano o extranjero acreditado en la Rep\u00fablica de Hait\u00ed, o extranjeros que laboran en empresas de capital dominicano establecidas en la Rep\u00fablica de Hait\u00ed.<br><br>La Junta de Aviaci\u00f3n Civil, es el \u00f3rgano que dicta la pol\u00edtica superior de la aviaci\u00f3n civil en el pa\u00eds. El mismo se re\u00fane para dictar las medidas sobre el tr\u00e1nsito a\u00e9reo, como lo establece la Ley No.491-06 de Aviaci\u00f3n Civil de la Rep\u00fablica Dominicana.<br><\/p>\n\n\n\n<figure class=\"wp-block-table\"><table><tbody><tr><td>Fuente:  A<strong>lexis Antonio Roa Roa<\/strong><\/td><\/tr><\/tbody><\/table><\/figure>\n","protected":false},"excerpt":{"rendered":"<p>diariodominicano.com Santo Domingo, R. D., 20 de julio, 2021.- La\u00a0 Junta de Aviaci\u00f3n Civil encabezada por su presidente,\u00a0 Dr. Jos\u00e9 E. Marte Piantini, inform\u00f3 que en la tarde de hoy se celebr\u00f3 una sesi\u00f3n extraordinaria en la que se dispuso la reanudaci\u00f3n de las operaciones a\u00e9reas desde y hacia la Rep\u00fablica de\u00a0 Hait\u00ed. Marte Piantini, [&hellip;]<\/p>\n","protected":false},"author":5,"featured_media":288002,"comment_status":"closed","ping_status":"","sticky":true,"template":"","format":"standard","meta":{"footnotes":""},"categories":[20,27],"tags":[],"class_list":["post-288001","post","type-post","status-publish","format-standard","has-post-thumbnail","hentry","category-dominicana-hoy","category-portada"],"_links":{"self":[{"href":"https:\/\/diariodominicano.com\/index.php?rest_route=\/wp\/v2\/posts\/288001","targetHints":{"allow":["GET"]}}],"collection":[{"href":"https:\/\/diariodominicano.com\/index.php?rest_route=\/wp\/v2\/posts"}],"about":[{"href":"https:\/\/diariodominicano.com\/index.php?rest_route=\/wp\/v2\/types\/post"}],"author":[{"embeddable":true,"href":"https:\/\/diariodominicano.com\/index.php?rest_route=\/wp\/v2\/users\/5"}],"replies":[{"embeddable":true,"href":"https:\/\/diariodominicano.com\/index.php?rest_route=%2Fwp%2Fv2%2Fcomments&post=288001"}],"version-history":[{"count":1,"href":"https:\/\/diariodominicano.com\/index.php?rest_route=\/wp\/v2\/posts\/288001\/revisions"}],"predecessor-version":[{"id":288003,"href":"https:\/\/diariodominicano.com\/index.php?rest_route=\/wp\/v2\/posts\/288001\/revisions\/288003"}],"wp:featuredmedia":[{"embeddable":true,"href":"https:\/\/diariodominicano.com\/index.php?rest_route=\/wp\/v2\/media\/288002"}],"wp:attachment":[{"href":"https:\/\/diariodominicano.com\/index.php?rest_route=%2Fwp%2Fv2%2Fmedia&parent=288001"}],"wp:term":[{"taxonomy":"category","embeddable":true,"href":"https:\/\/diariodominicano.com\/index.php?rest_route=%2Fwp%2Fv2%2Fcategories&post=288001"},{"taxonomy":"post_tag","embeddable":true,"href":"https:\/\/diariodominicano.com\/index.php?rest_route=%2Fwp%2Fv2%2Ftags&post=288001"}],"curies":[{"name":"wp","href":"https:\/\/api.w.org\/{rel}","templated":true}]}}