{"id":287991,"date":"2021-07-20T22:32:25","date_gmt":"2021-07-21T02:32:25","guid":{"rendered":"http:\/\/diariodominicano.com\/?p=287991"},"modified":"2021-07-20T22:32:25","modified_gmt":"2021-07-21T02:32:25","slug":"espana-inicia-subasta-de-nuevas-frecuencias-5g","status":"publish","type":"post","link":"https:\/\/diariodominicano.com\/?p=287991","title":{"rendered":"Espa\u00f1a inicia subasta de nuevas frecuencias 5G"},"content":{"rendered":"\n<h3 class=\"wp-block-heading\">diariodominicano.com<a rel=\"noreferrer noopener\" href=\"http:\/\/home.xinhua-news.com\/gdsdetailxhs\/share\/9688654-?pageflag=iframe\" target=\"_blank\"><\/a><a rel=\"noreferrer noopener\" href=\"http:\/\/home.xinhua-news.com\/gdsdetailxhs\/share\/9688654-?pageflag=iframe\" target=\"_blank\"><\/a><\/h3>\n\n\n\n<pre id=\"text-news-description\" class=\"wp-block-preformatted\">   MADRID, 20 jul (Xinhua) -- El gobierno de Espa\u00f1a inici\u00f3 hoy martes la subasta de las nuevas frecuencias de 5G, casi un a\u00f1o y medio despu\u00e9s de lo inicialmente previsto.\n   El Ministerio de Asuntos Econ\u00f3micos espa\u00f1ol detall\u00f3 en un comunicado que se realizaron cinco rondas con la participaci\u00f3n de las compa\u00f1\u00edas Telef\u00f3nica, Orange y Vodafone, impulsando la banda de 700 Mhz, una de las tres prioritarias para el despliegue del 5G, cuya puja es a partir del precio de salida de 995,5 millones de euros (unos 1.172 millones de d\u00f3lares).\n   Actualmente, Orange cuenta con 110 MHz, Telef\u00f3nica con 100 MHz y Vodafone con 90 MHz.\n   La cartera detall\u00f3 que las concesiones tendr\u00e1n una duraci\u00f3n m\u00ednima de 20 a\u00f1os, y podr\u00e1n ser ampliadas 20 a\u00f1os m\u00e1s, con lo que los acuerdos podr\u00e1n tener una duraci\u00f3n de 40 a\u00f1os.\n   Esta es la tercera subasta de frecuencias para redes 5G realizada en Espa\u00f1a, despu\u00e9s de la subasta de la banda 3,6-3,8 gigahercios (GHz) celebrada en 2018 y de la licitaci\u00f3n de 20 MHz de esa misma banda realizada el pasado diciembre.\n   La banda de 700 MHz es la m\u00e1s anhelada por las compa\u00f1\u00edas, puesto que es la que permite mejor acceso a los interiores de los edificios, logrando una experiencia con la telefon\u00eda m\u00f3vil similar a la de la telefon\u00eda fija.\n   El gobierno espa\u00f1ol prev\u00e9 que cuando acabe junio de 2025 m\u00e1s de 400 localidades del pa\u00eds tendr\u00e1n cobertura 5G con esta banda, el 30 por ciento de ellas antes de finalizar 2022 y el 70 por ciento antes de julio de 2024.\n   Antes del 2022 tambi\u00e9n deber\u00e1n contar con cobertura los 10 principales aeropuertos del pa\u00eds, los tres puertos, las seis estaciones de ferrocarril y las ocho autopistas principales del pa\u00eds.\n   En este sentido, cuando termine junio de 2025, el n\u00famero de aeropuertos con cobertura 5G se ampliar\u00e1 a 22, el de puertos a 12, el de estaciones de ferrocarril a 10 y el de carreteras a 87.\n   Una vez que las operadoras reciban el espectro, algo previsto para despu\u00e9s del verano, deber\u00e1n comenzar el despliegue del 5G para cumplir con las obligaciones de cobertura estipuladas por las bases.<\/pre>\n","protected":false},"excerpt":{"rendered":"<p>diariodominicano.com MADRID, 20 jul (Xinhua) &#8212; El gobierno de Espa\u00f1a inici\u00f3 hoy martes la subasta de las nuevas frecuencias de 5G, casi un a\u00f1o y medio despu\u00e9s de lo inicialmente previsto. El Ministerio de Asuntos Econ\u00f3micos espa\u00f1ol detall\u00f3 en un comunicado que se realizaron cinco rondas con la participaci\u00f3n de las compa\u00f1\u00edas Telef\u00f3nica, Orange y [&hellip;]<\/p>\n","protected":false},"author":5,"featured_media":287992,"comment_status":"closed","ping_status":"","sticky":true,"template":"","format":"standard","meta":{"footnotes":""},"categories":[23,27],"tags":[],"class_list":["post-287991","post","type-post","status-publish","format-standard","has-post-thumbnail","hentry","category-internacional","category-portada"],"_links":{"self":[{"href":"https:\/\/diariodominicano.com\/index.php?rest_route=\/wp\/v2\/posts\/287991","targetHints":{"allow":["GET"]}}],"collection":[{"href":"https:\/\/diariodominicano.com\/index.php?rest_route=\/wp\/v2\/posts"}],"about":[{"href":"https:\/\/diariodominicano.com\/index.php?rest_route=\/wp\/v2\/types\/post"}],"author":[{"embeddable":true,"href":"https:\/\/diariodominicano.com\/index.php?rest_route=\/wp\/v2\/users\/5"}],"replies":[{"embeddable":true,"href":"https:\/\/diariodominicano.com\/index.php?rest_route=%2Fwp%2Fv2%2Fcomments&post=287991"}],"version-history":[{"count":1,"href":"https:\/\/diariodominicano.com\/index.php?rest_route=\/wp\/v2\/posts\/287991\/revisions"}],"predecessor-version":[{"id":287993,"href":"https:\/\/diariodominicano.com\/index.php?rest_route=\/wp\/v2\/posts\/287991\/revisions\/287993"}],"wp:featuredmedia":[{"embeddable":true,"href":"https:\/\/diariodominicano.com\/index.php?rest_route=\/wp\/v2\/media\/287992"}],"wp:attachment":[{"href":"https:\/\/diariodominicano.com\/index.php?rest_route=%2Fwp%2Fv2%2Fmedia&parent=287991"}],"wp:term":[{"taxonomy":"category","embeddable":true,"href":"https:\/\/diariodominicano.com\/index.php?rest_route=%2Fwp%2Fv2%2Fcategories&post=287991"},{"taxonomy":"post_tag","embeddable":true,"href":"https:\/\/diariodominicano.com\/index.php?rest_route=%2Fwp%2Fv2%2Ftags&post=287991"}],"curies":[{"name":"wp","href":"https:\/\/api.w.org\/{rel}","templated":true}]}}