{"id":287988,"date":"2021-07-20T22:08:04","date_gmt":"2021-07-21T02:08:04","guid":{"rendered":"http:\/\/diariodominicano.com\/?p=287988"},"modified":"2021-07-20T22:08:04","modified_gmt":"2021-07-21T02:08:04","slug":"el-cnm-anuncia-que-el-proximo-jueves-escogera-los-jueces-titulares-y-suplentes-para-el-tse","status":"publish","type":"post","link":"https:\/\/diariodominicano.com\/?p=287988","title":{"rendered":"El CNM anuncia que el pr\u00f3ximo jueves escoger\u00e1 los jueces titulares y suplentes para el TSE"},"content":{"rendered":"\n<p>diariodominicano.com<\/p>\n\n\n\n<p>Santo Domingo, R. D.,  20 de julio,  2021.- El Consejo Nacional de la Magistratura (CNM), que preside el presidente Luis Abinader, anunci\u00f3 que el pr\u00f3ximo jueves se reunir\u00e1 en el Palacio Nacional para escoger los nuevos jueces titulares y suplentes que conformar\u00e1n el Tribunal Superior Electoral (TSE).<\/p>\n\n\n\n<p>La informaci\u00f3n la ofreci\u00f3 el consultor jur\u00eddico del Poder Ejecutivo, Antoliano Peralta, al conversar con la prensa tras finalizar la \u00faltima vista p\u00fablica realizada por el CNM en la casa de gobierno y que fue presidida por la vicepresidenta Raquel Pe\u00f1a en horas de la tarde, en ausencia del primer mandatario.<\/p>\n\n\n\n<p>Peralta explic\u00f3 que CNM se reunir\u00e1 a partir de las 5:00 de la tarde de este jueves 22 de julio, junto al jefe de Estado y los dem\u00e1s miembros que conforman este alto organismo. Del mismo modo, manifest\u00f3 que el viernes 23 se juramentar\u00e1n los escogidos.<\/p>\n\n\n\n<p>Antoliano Peralta inform\u00f3 que el total de aspirantes es de 76, ya que este martes en el \u00faltimo d\u00eda de evaluaci\u00f3n, declin\u00f3 uno de los postulantes.<\/p>\n\n\n\n<p>\u201cEn el d\u00eda de hoy quedaban 20 personas por evaluar, pero a \u00faltima hora el ex juez presidente del TSE, el licenciado Mariano Rodr\u00edguez Rijo, declin\u00f3 su postulaci\u00f3n por lo que la matr\u00edcula total se redujo a 76\u201d, indic\u00f3 Peralta.<\/p>\n\n\n\n<p>Hoy martes 20, el CNM evalu\u00f3 19 postulantes, el pasado martes 13 de julio entrevist\u00f3 19, mientras que el jueves 15 evalu\u00f3 25 y el viernes 16 entrevist\u00f3 a 15 aspirantes. En total 76 abogados aspiran formar parte del alto tribunal electoral conformado por cinco jueces y sus suplentes.<\/p>\n\n\n\n<p>Adem\u00e1s del presidente de la Rep\u00fablica, el CNM lo integran los presidentes de las C\u00e1maras Legislativas Eduardo Estrella, del Senado; Alfredo Pacheco, de la C\u00e1mara de Diputados; el presidente de la Suprema Corte de Justicia, Luis Henry Molina; la procuradora, Miriam Germ\u00e1n; el senador Bautista Rojas G\u00f3mez; el diputado V\u00edctor Fadul; as\u00ed como la jueza de la Suprema Corte de Justicia, Magda Nancy Salcedo Fern\u00e1ndez, secretaria.<\/p>\n\n\n\n<p>Fuente:  Direcci\u00f3n de Prensa<\/p>\n\n\n\n<p>Presidencia de Rep\u00fablica Dominicana<\/p>\n","protected":false},"excerpt":{"rendered":"<p>diariodominicano.com Santo Domingo, R. D., 20 de julio, 2021.- El Consejo Nacional de la Magistratura (CNM), que preside el presidente Luis Abinader, anunci\u00f3 que el pr\u00f3ximo jueves se reunir\u00e1 en el Palacio Nacional para escoger los nuevos jueces titulares y suplentes que conformar\u00e1n el Tribunal Superior Electoral (TSE). La informaci\u00f3n la ofreci\u00f3 el consultor jur\u00eddico [&hellip;]<\/p>\n","protected":false},"author":5,"featured_media":287989,"comment_status":"closed","ping_status":"","sticky":true,"template":"","format":"standard","meta":{"footnotes":""},"categories":[24,27],"tags":[],"class_list":["post-287988","post","type-post","status-publish","format-standard","has-post-thumbnail","hentry","category-justicia-y-derecho","category-portada"],"_links":{"self":[{"href":"https:\/\/diariodominicano.com\/index.php?rest_route=\/wp\/v2\/posts\/287988","targetHints":{"allow":["GET"]}}],"collection":[{"href":"https:\/\/diariodominicano.com\/index.php?rest_route=\/wp\/v2\/posts"}],"about":[{"href":"https:\/\/diariodominicano.com\/index.php?rest_route=\/wp\/v2\/types\/post"}],"author":[{"embeddable":true,"href":"https:\/\/diariodominicano.com\/index.php?rest_route=\/wp\/v2\/users\/5"}],"replies":[{"embeddable":true,"href":"https:\/\/diariodominicano.com\/index.php?rest_route=%2Fwp%2Fv2%2Fcomments&post=287988"}],"version-history":[{"count":1,"href":"https:\/\/diariodominicano.com\/index.php?rest_route=\/wp\/v2\/posts\/287988\/revisions"}],"predecessor-version":[{"id":287990,"href":"https:\/\/diariodominicano.com\/index.php?rest_route=\/wp\/v2\/posts\/287988\/revisions\/287990"}],"wp:featuredmedia":[{"embeddable":true,"href":"https:\/\/diariodominicano.com\/index.php?rest_route=\/wp\/v2\/media\/287989"}],"wp:attachment":[{"href":"https:\/\/diariodominicano.com\/index.php?rest_route=%2Fwp%2Fv2%2Fmedia&parent=287988"}],"wp:term":[{"taxonomy":"category","embeddable":true,"href":"https:\/\/diariodominicano.com\/index.php?rest_route=%2Fwp%2Fv2%2Fcategories&post=287988"},{"taxonomy":"post_tag","embeddable":true,"href":"https:\/\/diariodominicano.com\/index.php?rest_route=%2Fwp%2Fv2%2Ftags&post=287988"}],"curies":[{"name":"wp","href":"https:\/\/api.w.org\/{rel}","templated":true}]}}