{"id":287985,"date":"2021-07-20T21:57:34","date_gmt":"2021-07-21T01:57:34","guid":{"rendered":"http:\/\/diariodominicano.com\/?p=287985"},"modified":"2021-07-20T21:57:34","modified_gmt":"2021-07-21T01:57:34","slug":"presidente-electo-peruano-garantiza-oportunidad-en-su-gobierno-a-grupos-sociales","status":"publish","type":"post","link":"https:\/\/diariodominicano.com\/?p=287985","title":{"rendered":"Presidente electo peruano garantiza \u00aboportunidad\u00bb en su Gobierno a grupos sociales"},"content":{"rendered":"\n<p>diariodominicano.com<a rel=\"noreferrer noopener\" href=\"http:\/\/home.xinhua-news.com\/gdsdetailxhs\/share\/9689137-?pageflag=iframe\" target=\"_blank\"><\/a><\/p>\n\n\n\n<pre id=\"text-news-description\" class=\"wp-block-preformatted\">   LIMA, 20 jul (Xinhua) -- El presidente electo del Per\u00fa, Pedro Castillo, garantiz\u00f3 este martes que los diferentes grupos sociales que hacen vida en el pa\u00eds tendr\u00e1n una oportunidad dentro de su Gobierno, que iniciar\u00e1 el pr\u00f3ximo 28 de julio cuando asuma la Presidencia de la Rep\u00fablica.\n   \"Hay algunos que de repente piensan que no van a tener el espacio, y han llegado recientemente. No se preocupen, van a tener la oportunidad\", indic\u00f3 Castillo en sus primeras declaraciones a la prensa tras su proclamaci\u00f3n como ganador de las elecciones del pasado 6 de junio.\n   Sin embargo, resalt\u00f3 que siempre deber\u00e1n actuar pensando en el pueblo peruano que \"necesita lealtad\", sobre todo para atender temas urgentes como la salud, y luego \"ver de qu\u00e9 manera hacemos todo lo posible para ver el caso de la situaci\u00f3n econ\u00f3mica\".\n   Por otra parte, adelant\u00f3 que est\u00e1 haciendo una convocatoria a t\u00e9cnicos y a las personas \"m\u00e1s distinguidas y comprometidas con el pa\u00eds\" para conformar un equipo de trabajo.\n   \"Pido tranquilidad, serenidad al pueblo peruano. Esta es una responsabilidad no s\u00f3lo del Gobierno, es una responsabilidad de todos los peruanos\", resalt\u00f3 Castillo.\n   Pedro Castillo fue proclamado el lunes como el nuevo presidente electo del pa\u00eds andino, un mes y medio despu\u00e9s de la segunda vuelta comicial que la naci\u00f3n celebr\u00f3 a inicios de junio.\n   De acuerdo con los resultados de las actas contabilizadas al 100 por ciento, Castillo obtuvo en esos comicios 8.836.380 votos, equivalente a 50,12 por ciento; mientras que Keiko Fujimori capt\u00f3 8.792.117 votos, equivalente a 49,87 por ciento. <\/pre>\n","protected":false},"excerpt":{"rendered":"<p>diariodominicano.com LIMA, 20 jul (Xinhua) &#8212; El presidente electo del Per\u00fa, Pedro Castillo, garantiz\u00f3 este martes que los diferentes grupos sociales que hacen vida en el pa\u00eds tendr\u00e1n una oportunidad dentro de su Gobierno, que iniciar\u00e1 el pr\u00f3ximo 28 de julio cuando asuma la Presidencia de la Rep\u00fablica. \u00abHay algunos que de repente piensan que [&hellip;]<\/p>\n","protected":false},"author":5,"featured_media":287986,"comment_status":"closed","ping_status":"","sticky":true,"template":"","format":"standard","meta":{"footnotes":""},"categories":[23,27],"tags":[],"class_list":["post-287985","post","type-post","status-publish","format-standard","has-post-thumbnail","hentry","category-internacional","category-portada"],"_links":{"self":[{"href":"https:\/\/diariodominicano.com\/index.php?rest_route=\/wp\/v2\/posts\/287985","targetHints":{"allow":["GET"]}}],"collection":[{"href":"https:\/\/diariodominicano.com\/index.php?rest_route=\/wp\/v2\/posts"}],"about":[{"href":"https:\/\/diariodominicano.com\/index.php?rest_route=\/wp\/v2\/types\/post"}],"author":[{"embeddable":true,"href":"https:\/\/diariodominicano.com\/index.php?rest_route=\/wp\/v2\/users\/5"}],"replies":[{"embeddable":true,"href":"https:\/\/diariodominicano.com\/index.php?rest_route=%2Fwp%2Fv2%2Fcomments&post=287985"}],"version-history":[{"count":1,"href":"https:\/\/diariodominicano.com\/index.php?rest_route=\/wp\/v2\/posts\/287985\/revisions"}],"predecessor-version":[{"id":287987,"href":"https:\/\/diariodominicano.com\/index.php?rest_route=\/wp\/v2\/posts\/287985\/revisions\/287987"}],"wp:featuredmedia":[{"embeddable":true,"href":"https:\/\/diariodominicano.com\/index.php?rest_route=\/wp\/v2\/media\/287986"}],"wp:attachment":[{"href":"https:\/\/diariodominicano.com\/index.php?rest_route=%2Fwp%2Fv2%2Fmedia&parent=287985"}],"wp:term":[{"taxonomy":"category","embeddable":true,"href":"https:\/\/diariodominicano.com\/index.php?rest_route=%2Fwp%2Fv2%2Fcategories&post=287985"},{"taxonomy":"post_tag","embeddable":true,"href":"https:\/\/diariodominicano.com\/index.php?rest_route=%2Fwp%2Fv2%2Ftags&post=287985"}],"curies":[{"name":"wp","href":"https:\/\/api.w.org\/{rel}","templated":true}]}}