{"id":287974,"date":"2021-07-20T21:04:47","date_gmt":"2021-07-21T01:04:47","guid":{"rendered":"http:\/\/diariodominicano.com\/?p=287974"},"modified":"2021-07-20T21:16:02","modified_gmt":"2021-07-21T01:16:02","slug":"primer-ministro-de-haiti-pide-unidad-en-toma-de-posesion","status":"publish","type":"post","link":"https:\/\/diariodominicano.com\/?p=287974","title":{"rendered":"Primer ministro de Hait\u00ed pide unidad en toma de posesi\u00f3n"},"content":{"rendered":"\n<p>diariodominicano.com<\/p>\n\n\n\n<p>Puerto Pr\u00edncipe, 20 jul (Prensa Latina) El primer ministro de Hait\u00ed, Ariel Henry, tom\u00f3 hoy posesi\u00f3n del cargo y apel\u00f3 a la unidad entre las fuerzas nacionales y la b\u00fasqueda de una soluci\u00f3n interna a la crisis multiforme.<br>En su primer discurso oficial al frente del Gobierno prometi\u00f3 mantener las reuniones con todos los sectores, alcanzar un acuerdo inclusivo, y reconoci\u00f3 la grave situaci\u00f3n del pa\u00eds.<\/p>\n\n\n\n<p>&#8216;Hay un contexto de polarizaci\u00f3n extrema entre los sectores, pero es necesario una soluci\u00f3n durable&#8217;, dijo el neurocirujano de 71 a\u00f1os, que se comprometi\u00f3 a restablecer el orden y la seguridad.<\/p>\n\n\n\n<p>Insisti\u00f3 en que para lograr el cambio y la transformaci\u00f3n, deben permitir la gobernabilidad del pa\u00eds, y se\u00f1al\u00f3 que el asesinado mandatario Jovenel Mo\u00efse lo design\u00f3 por su capacidad de di\u00e1logo y razonamiento con las diversas fuerzas de la naci\u00f3n.<\/p>\n\n\n\n<p>Enf\u00e1tico, asegur\u00f3 que las elecciones, democracia y estado de derecho son innegociables, por lo cual es necesaria la uni\u00f3n para organizar comicios cre\u00edbles, justos y transparentes con la mayor participaci\u00f3n posible.<\/p>\n\n\n\n<p>En su alocuci\u00f3n Henry tambi\u00e9n prometi\u00f3 continuar la investigaci\u00f3n del magnicidio y llevar a los responsables ante la justicia, mientras asever\u00f3 estar a favor de la b\u00fasqueda de la verdad.<\/p>\n\n\n\n<p>El galeno es el s\u00e9ptimo primer ministro nombrado desde marzo de 2017, y mantuvo en su gabinete a cuatro titulares nombrados por Joseph Jouthe, quien renunci\u00f3 a mediados de abril en medio de un marcado recrudecimiento de la inseguridad.<\/p>\n\n\n\n<p>Henry, con experiencia de ministro bajo la \u00e9gida del expresidente Michel Martelly (2011-2016), anunci\u00f3 que orden\u00f3 reforzar la capacidad de la polic\u00eda y la armada para que puedan responder a su misi\u00f3n de proteger el pa\u00eds y los ciudadanos.<\/p>\n\n\n\n<p>&#8216;La batalla contra la inseguridad hay que ganarla&#8217;, dijo el titular que reafirm\u00f3 la urgencia de enfrentar la violencia, en especial la multiplicaci\u00f3n de las bandas armadas.<\/p>\n\n\n\n<p>Su investidura ocurre en un momento de tensiones pol\u00edticas, con poderosas plataformas que rechazan su toma de posesi\u00f3n, y abogan por una administraci\u00f3n de consenso para reforzar las instituciones estatales.<\/p>\n\n\n\n<p>oda\/ane<\/p>\n","protected":false},"excerpt":{"rendered":"<p>diariodominicano.com Puerto Pr\u00edncipe, 20 jul (Prensa Latina) El primer ministro de Hait\u00ed, Ariel Henry, tom\u00f3 hoy posesi\u00f3n del cargo y apel\u00f3 a la unidad entre las fuerzas nacionales y la b\u00fasqueda de una soluci\u00f3n interna a la crisis multiforme.En su primer discurso oficial al frente del Gobierno prometi\u00f3 mantener las reuniones con todos los sectores, [&hellip;]<\/p>\n","protected":false},"author":5,"featured_media":287978,"comment_status":"closed","ping_status":"","sticky":true,"template":"","format":"standard","meta":{"footnotes":""},"categories":[23,27],"tags":[],"class_list":["post-287974","post","type-post","status-publish","format-standard","has-post-thumbnail","hentry","category-internacional","category-portada"],"_links":{"self":[{"href":"https:\/\/diariodominicano.com\/index.php?rest_route=\/wp\/v2\/posts\/287974","targetHints":{"allow":["GET"]}}],"collection":[{"href":"https:\/\/diariodominicano.com\/index.php?rest_route=\/wp\/v2\/posts"}],"about":[{"href":"https:\/\/diariodominicano.com\/index.php?rest_route=\/wp\/v2\/types\/post"}],"author":[{"embeddable":true,"href":"https:\/\/diariodominicano.com\/index.php?rest_route=\/wp\/v2\/users\/5"}],"replies":[{"embeddable":true,"href":"https:\/\/diariodominicano.com\/index.php?rest_route=%2Fwp%2Fv2%2Fcomments&post=287974"}],"version-history":[{"count":1,"href":"https:\/\/diariodominicano.com\/index.php?rest_route=\/wp\/v2\/posts\/287974\/revisions"}],"predecessor-version":[{"id":287976,"href":"https:\/\/diariodominicano.com\/index.php?rest_route=\/wp\/v2\/posts\/287974\/revisions\/287976"}],"wp:featuredmedia":[{"embeddable":true,"href":"https:\/\/diariodominicano.com\/index.php?rest_route=\/wp\/v2\/media\/287978"}],"wp:attachment":[{"href":"https:\/\/diariodominicano.com\/index.php?rest_route=%2Fwp%2Fv2%2Fmedia&parent=287974"}],"wp:term":[{"taxonomy":"category","embeddable":true,"href":"https:\/\/diariodominicano.com\/index.php?rest_route=%2Fwp%2Fv2%2Fcategories&post=287974"},{"taxonomy":"post_tag","embeddable":true,"href":"https:\/\/diariodominicano.com\/index.php?rest_route=%2Fwp%2Fv2%2Ftags&post=287974"}],"curies":[{"name":"wp","href":"https:\/\/api.w.org\/{rel}","templated":true}]}}