{"id":287938,"date":"2021-07-20T14:00:24","date_gmt":"2021-07-20T18:00:24","guid":{"rendered":"http:\/\/diariodominicano.com\/?p=287938"},"modified":"2021-07-20T14:00:24","modified_gmt":"2021-07-20T18:00:24","slug":"ministro-paliza-afirma-alta-valoracion-de-luis-abinader-es-un-estimulo-para-seguir-el-trabajo","status":"publish","type":"post","link":"https:\/\/diariodominicano.com\/?p=287938","title":{"rendered":"Ministro Paliza afirma alta valoraci\u00f3n de Luis Abinader es un est\u00edmulo para seguir el trabajo"},"content":{"rendered":"\n<p>diariodominicano.com<\/p>\n\n\n\n<p>Santo Domingo, R. D., 20 de julio, 2021.- El ministro Administrativo de la Presidencia, Jos\u00e9 Ignacio Paliza, ponder\u00f3 los resultados de una prestigiosa revista internacional que revelan una vez m\u00e1s la alta valoraci\u00f3n con la que cuenta el presidente Luis Abinader.\u00a0<\/p>\n\n\n\n<p>De acuerdo a los datos de la revista de la Asociaci\u00f3n de Comunicaci\u00f3n Pol\u00edtica (ACOP), el presidente dominicano es el tercer mandatario mejor valorado a nivel mundial en una tabla de 22 jefes de Estado m\u00e1s populares.&nbsp;<\/p>\n\n\n\n<p>En ese sentido, Paliza manifest\u00f3 que el 68% de la aprobaci\u00f3n obtenida representa un est\u00edmulo para desarrollar una labor eficiente en favor de todos los dominicanos.&nbsp;<\/p>\n\n\n\n<p>\u201cEsa medici\u00f3n coincide con otras a las que hemos tenido acceso que dan cuenta de la alta valoraci\u00f3n que goza el presidente Abinader y la gesti\u00f3n que ha venido impulsando en estos \u00faltimos 11 meses\u201d, agreg\u00f3.&nbsp;<\/p>\n\n\n\n<p>Tambi\u00e9n dijo, que conoce del sentir de humildad con la que el mandatario recibe estos resultados.<\/p>\n\n\n\n<p>La lista es encabezada por el presidente de Ecuador, Guillermo Lasso con 71%, la canciller alemana \u00c1ngela Merkel que alcanza un 69%, Luis Abinader de Rep. Dom. Con 68% y Vladimir Putin un 66%.<\/p>\n\n\n\n<p>Fuente:  Direcci\u00f3n de Prensa<\/p>\n\n\n\n<p>Presidencia de la Rep\u00fablica Dominicana<\/p>\n","protected":false},"excerpt":{"rendered":"<p>diariodominicano.com Santo Domingo, R. D., 20 de julio, 2021.- El ministro Administrativo de la Presidencia, Jos\u00e9 Ignacio Paliza, ponder\u00f3 los resultados de una prestigiosa revista internacional que revelan una vez m\u00e1s la alta valoraci\u00f3n con la que cuenta el presidente Luis Abinader.\u00a0 De acuerdo a los datos de la revista de la Asociaci\u00f3n de Comunicaci\u00f3n [&hellip;]<\/p>\n","protected":false},"author":5,"featured_media":287939,"comment_status":"closed","ping_status":"","sticky":true,"template":"","format":"standard","meta":{"footnotes":""},"categories":[23,27],"tags":[],"class_list":["post-287938","post","type-post","status-publish","format-standard","has-post-thumbnail","hentry","category-internacional","category-portada"],"_links":{"self":[{"href":"https:\/\/diariodominicano.com\/index.php?rest_route=\/wp\/v2\/posts\/287938","targetHints":{"allow":["GET"]}}],"collection":[{"href":"https:\/\/diariodominicano.com\/index.php?rest_route=\/wp\/v2\/posts"}],"about":[{"href":"https:\/\/diariodominicano.com\/index.php?rest_route=\/wp\/v2\/types\/post"}],"author":[{"embeddable":true,"href":"https:\/\/diariodominicano.com\/index.php?rest_route=\/wp\/v2\/users\/5"}],"replies":[{"embeddable":true,"href":"https:\/\/diariodominicano.com\/index.php?rest_route=%2Fwp%2Fv2%2Fcomments&post=287938"}],"version-history":[{"count":1,"href":"https:\/\/diariodominicano.com\/index.php?rest_route=\/wp\/v2\/posts\/287938\/revisions"}],"predecessor-version":[{"id":287940,"href":"https:\/\/diariodominicano.com\/index.php?rest_route=\/wp\/v2\/posts\/287938\/revisions\/287940"}],"wp:featuredmedia":[{"embeddable":true,"href":"https:\/\/diariodominicano.com\/index.php?rest_route=\/wp\/v2\/media\/287939"}],"wp:attachment":[{"href":"https:\/\/diariodominicano.com\/index.php?rest_route=%2Fwp%2Fv2%2Fmedia&parent=287938"}],"wp:term":[{"taxonomy":"category","embeddable":true,"href":"https:\/\/diariodominicano.com\/index.php?rest_route=%2Fwp%2Fv2%2Fcategories&post=287938"},{"taxonomy":"post_tag","embeddable":true,"href":"https:\/\/diariodominicano.com\/index.php?rest_route=%2Fwp%2Fv2%2Ftags&post=287938"}],"curies":[{"name":"wp","href":"https:\/\/api.w.org\/{rel}","templated":true}]}}