{"id":287927,"date":"2021-07-20T13:00:21","date_gmt":"2021-07-20T17:00:21","guid":{"rendered":"http:\/\/diariodominicano.com\/?p=287927"},"modified":"2021-07-20T13:00:21","modified_gmt":"2021-07-20T17:00:21","slug":"cnm-realiza-hoy-la-ultima-vista-publica-para-escoger-jueces-del-tse","status":"publish","type":"post","link":"https:\/\/diariodominicano.com\/?p=287927","title":{"rendered":"CNM realiza hoy la \u00faltima vista p\u00fablica para escoger jueces del TSE"},"content":{"rendered":"\n<p>diariodominicano.com<\/p>\n\n\n\n<p>Santo Domingo, R. D., 20 de julio, 2021.- El Consejo Nacional de la Magistratura (CNM), presidido por el presidente Luis Abinader, inici\u00f3 hoy la evaluaci\u00f3n de los \u00faltimos 19 candidatos que aspiran a ocupar las vacantes a jueces titulares y suplentes al Tribunal Superior Electoral (TSE).\u00a0<\/p>\n\n\n\n<p>La vista p\u00fablica se desarrolla, como en las anteriores, en el sal\u00f3n Las Cari\u00e1tides del Palacio Nacional con los protocolos sanitarios de lugar contra la Covid-19.<\/p>\n\n\n\n<p>El CNM, en la sesi\u00f3n del pasado martes 13 de julio, entrevist\u00f3 19 postulantes, mientras que el jueves 15 evalu\u00f3 25 y el viernes 16 entrevist\u00f3 a 15 aspirantes. En total 77 abogados aspiran a formar parte del alto tribunal electoral conformado por cinco jueces y sus suplentes.<\/p>\n\n\n\n<p>Los jueces titulares y suplentes que formar\u00e1n parte del TSE ser\u00e1n escogidos el pr\u00f3ximo jueves 22 y se juramentar\u00e1n el viernes 23.<\/p>\n\n\n\n<p>Adem\u00e1s del presidente de la Rep\u00fablica, el CNM lo integran los presidentes de las C\u00e1maras Legislativas Eduardo Estrella, del Senado; Alfredo Pacheco, de la C\u00e1mara de Diputados; el presidente de la Suprema Corte de Justicia, Luis Henry Molina; la procuradora, Miriam Germ\u00e1n; el senador Bautista Rojas G\u00f3mez; el diputado V\u00edctor Fadul; as\u00ed como la jueza de la Suprema Corte de Justicia, Magda Nancy Salcedo Fern\u00e1ndez, secretaria.<\/p>\n\n\n\n<p>En la vista p\u00fablica de este martes son evaluados Cristina Perdomo, Trajano Vidal Potentini, Yanit Pujols Casado, Alfredo Ram\u00edrez, Fernan Ramos Peralta, Leonardo Recio Tineo, Saul Reyes P\u00e9rez, Lourdes Salazar Rodr\u00edguez, Julio Sep\u00falveda Medina y Santiago Sosa Castillo.&nbsp;<\/p>\n\n\n\n<p>Tambi\u00e9n, Manuel Varela Jim\u00e9nez, Betty Vargas Acosta, H\u00e9ctor Vargas G\u00f3mez, Jos\u00e9 V\u00e1squez Garc\u00eda, Jos\u00e9 V\u00e1squez Montero, Ricardo Ventura Molina, Dulce Victoria Yeb, Pedro Yermenos Forastieri y Ram\u00f3n Ynoa Pe\u00f1a.<\/p>\n\n\n\n<p>Fuente: Direcci\u00f3n de prensa<\/p>\n\n\n\n<p>Presidencia de la Rep\u00fablica Dominicana<\/p>\n","protected":false},"excerpt":{"rendered":"<p>diariodominicano.com Santo Domingo, R. D., 20 de julio, 2021.- El Consejo Nacional de la Magistratura (CNM), presidido por el presidente Luis Abinader, inici\u00f3 hoy la evaluaci\u00f3n de los \u00faltimos 19 candidatos que aspiran a ocupar las vacantes a jueces titulares y suplentes al Tribunal Superior Electoral (TSE).\u00a0 La vista p\u00fablica se desarrolla, como en las [&hellip;]<\/p>\n","protected":false},"author":5,"featured_media":287928,"comment_status":"closed","ping_status":"","sticky":true,"template":"","format":"standard","meta":{"footnotes":""},"categories":[24,27],"tags":[],"class_list":["post-287927","post","type-post","status-publish","format-standard","has-post-thumbnail","hentry","category-justicia-y-derecho","category-portada"],"_links":{"self":[{"href":"https:\/\/diariodominicano.com\/index.php?rest_route=\/wp\/v2\/posts\/287927","targetHints":{"allow":["GET"]}}],"collection":[{"href":"https:\/\/diariodominicano.com\/index.php?rest_route=\/wp\/v2\/posts"}],"about":[{"href":"https:\/\/diariodominicano.com\/index.php?rest_route=\/wp\/v2\/types\/post"}],"author":[{"embeddable":true,"href":"https:\/\/diariodominicano.com\/index.php?rest_route=\/wp\/v2\/users\/5"}],"replies":[{"embeddable":true,"href":"https:\/\/diariodominicano.com\/index.php?rest_route=%2Fwp%2Fv2%2Fcomments&post=287927"}],"version-history":[{"count":1,"href":"https:\/\/diariodominicano.com\/index.php?rest_route=\/wp\/v2\/posts\/287927\/revisions"}],"predecessor-version":[{"id":287929,"href":"https:\/\/diariodominicano.com\/index.php?rest_route=\/wp\/v2\/posts\/287927\/revisions\/287929"}],"wp:featuredmedia":[{"embeddable":true,"href":"https:\/\/diariodominicano.com\/index.php?rest_route=\/wp\/v2\/media\/287928"}],"wp:attachment":[{"href":"https:\/\/diariodominicano.com\/index.php?rest_route=%2Fwp%2Fv2%2Fmedia&parent=287927"}],"wp:term":[{"taxonomy":"category","embeddable":true,"href":"https:\/\/diariodominicano.com\/index.php?rest_route=%2Fwp%2Fv2%2Fcategories&post=287927"},{"taxonomy":"post_tag","embeddable":true,"href":"https:\/\/diariodominicano.com\/index.php?rest_route=%2Fwp%2Fv2%2Ftags&post=287927"}],"curies":[{"name":"wp","href":"https:\/\/api.w.org\/{rel}","templated":true}]}}