{"id":287909,"date":"2021-07-20T11:20:08","date_gmt":"2021-07-20T15:20:08","guid":{"rendered":"http:\/\/diariodominicano.com\/?p=287909"},"modified":"2021-07-20T11:20:08","modified_gmt":"2021-07-20T15:20:08","slug":"asumira-primer-ministro-de-haiti-en-medio-de-desavenencias-politicas","status":"publish","type":"post","link":"https:\/\/diariodominicano.com\/?p=287909","title":{"rendered":"Asumir\u00e1 primer ministro de Hait\u00ed en medio de desavenencias pol\u00edticas"},"content":{"rendered":"\n<p>diariodominicano.com<\/p>\n\n\n\n<p>Puerto Pr\u00edncipe, 20 jul (Prensa Latina) El neurocirujano Ariel Henry asumir\u00e1 hoy como primer ministro de Hait\u00ed, el s\u00e9ptimo desde marzo de 2017, justo cuando las desavenencias entre las fuerzas pol\u00edticas avizoran la agudizaci\u00f3n de la crisis en el pa\u00eds.<br>Graduado en universidades de Hait\u00ed, Francia y Estados Unidos, hasta la actualidad se desempe\u00f1a como jefe de neurocirug\u00eda en el Hospital Bernard Mevs, uno de los m\u00e1s importantes del pa\u00eds.<\/p>\n\n\n\n<p>De enero de 2015 a marzo de 2016, se desempe\u00f1\u00f3 frente a las carteras de Interior y Colectividades Territoriales, as\u00ed como la de Asuntos Sociales y Trabajo, bajo la administraci\u00f3n del expresidente Michel Martelly (2011-2016).<\/p>\n\n\n\n<p>Tambi\u00e9n fue miembro del gabinete del Ministerio de Salud en varias responsabilidades de 2006 a 2011, y consultante de las organizaciones Mundial y Panamericana de la Salud de 1993 a 1996.<\/p>\n\n\n\n<p>En 2004 durante la crisis del final del mandato del exjefe de Estado Jean Betrand Aristide, Henry asumi\u00f3 como vicepresidente del Consejo de Sabios, una plataforma que tuvo a su cargo la selecci\u00f3n del primer ministro y las consultas para la formaci\u00f3n del gabinete.<\/p>\n\n\n\n<p>Recientemente, integr\u00f3 la c\u00e9lula cient\u00edfica para combatir la Covid-19, que se cre\u00f3 poco despu\u00e9s del diagn\u00f3stico de los primeros casos aqu\u00ed en marzo de 2020.<\/p>\n\n\n\n<p>En la arena pol\u00edtica Henry es reconocido por ser un moderado que transit\u00f3 por el Partido Social Dem\u00f3crata, el Partido Nacionalista Progresista Revolucionario Haitiano, Fusi\u00f3n de los Socialdem\u00f3cratas Haitianos, y la Uni\u00f3n Patri\u00f3tica.<\/p>\n\n\n\n<p>Entre los desaf\u00edos destaca alcanzar un acuerdo nacional y celebrar elecciones &#8216;lo antes posible&#8217;, en momentos en que las fuerzas pol\u00edticas y sociales cuestionan su legitimidad, y se re\u00fanen para perfilar los destinos de la naci\u00f3n con una soluci\u00f3n nacional.<\/p>\n\n\n\n<p>Henry fue designado el 5 de julio, dos d\u00edas antes del asesinato del presidente Jovenel Mo\u00efse, y protagoniz\u00f3 una pugna por el poder con el primer ministro en funciones Claude Joseph, que se autodenomin\u00f3 presidente provisional tras el magnicidio.<\/p>\n\n\n\n<p>Su asunci\u00f3n al cargo cierra una inminente crisis gubernamental, pero aviva las tensiones con los partidos y organizaciones sociales que abogan por un gobierno de transici\u00f3n consensuado.<\/p>\n\n\n\n<p>jha\/ane<\/p>\n","protected":false},"excerpt":{"rendered":"<p>diariodominicano.com Puerto Pr\u00edncipe, 20 jul (Prensa Latina) El neurocirujano Ariel Henry asumir\u00e1 hoy como primer ministro de Hait\u00ed, el s\u00e9ptimo desde marzo de 2017, justo cuando las desavenencias entre las fuerzas pol\u00edticas avizoran la agudizaci\u00f3n de la crisis en el pa\u00eds.Graduado en universidades de Hait\u00ed, Francia y Estados Unidos, hasta la actualidad se desempe\u00f1a como [&hellip;]<\/p>\n","protected":false},"author":5,"featured_media":287910,"comment_status":"closed","ping_status":"","sticky":true,"template":"","format":"standard","meta":{"footnotes":""},"categories":[23,27],"tags":[],"class_list":["post-287909","post","type-post","status-publish","format-standard","has-post-thumbnail","hentry","category-internacional","category-portada"],"_links":{"self":[{"href":"https:\/\/diariodominicano.com\/index.php?rest_route=\/wp\/v2\/posts\/287909","targetHints":{"allow":["GET"]}}],"collection":[{"href":"https:\/\/diariodominicano.com\/index.php?rest_route=\/wp\/v2\/posts"}],"about":[{"href":"https:\/\/diariodominicano.com\/index.php?rest_route=\/wp\/v2\/types\/post"}],"author":[{"embeddable":true,"href":"https:\/\/diariodominicano.com\/index.php?rest_route=\/wp\/v2\/users\/5"}],"replies":[{"embeddable":true,"href":"https:\/\/diariodominicano.com\/index.php?rest_route=%2Fwp%2Fv2%2Fcomments&post=287909"}],"version-history":[{"count":1,"href":"https:\/\/diariodominicano.com\/index.php?rest_route=\/wp\/v2\/posts\/287909\/revisions"}],"predecessor-version":[{"id":287911,"href":"https:\/\/diariodominicano.com\/index.php?rest_route=\/wp\/v2\/posts\/287909\/revisions\/287911"}],"wp:featuredmedia":[{"embeddable":true,"href":"https:\/\/diariodominicano.com\/index.php?rest_route=\/wp\/v2\/media\/287910"}],"wp:attachment":[{"href":"https:\/\/diariodominicano.com\/index.php?rest_route=%2Fwp%2Fv2%2Fmedia&parent=287909"}],"wp:term":[{"taxonomy":"category","embeddable":true,"href":"https:\/\/diariodominicano.com\/index.php?rest_route=%2Fwp%2Fv2%2Fcategories&post=287909"},{"taxonomy":"post_tag","embeddable":true,"href":"https:\/\/diariodominicano.com\/index.php?rest_route=%2Fwp%2Fv2%2Ftags&post=287909"}],"curies":[{"name":"wp","href":"https:\/\/api.w.org\/{rel}","templated":true}]}}