{"id":287893,"date":"2021-07-20T10:22:08","date_gmt":"2021-07-20T14:22:08","guid":{"rendered":"http:\/\/diariodominicano.com\/?p=287893"},"modified":"2021-07-20T10:22:08","modified_gmt":"2021-07-20T14:22:08","slug":"putin-rusia-esta-lista-para-cooperacion-internacional-en-aviacion-y-espacio","status":"publish","type":"post","link":"https:\/\/diariodominicano.com\/?p=287893","title":{"rendered":"Putin: Rusia est\u00e1 lista para cooperaci\u00f3n internacional en aviaci\u00f3n y espacio"},"content":{"rendered":"\n<h3 class=\"wp-block-heading\">diariodominicano.com<a rel=\"noreferrer noopener\" href=\"http:\/\/home.xinhua-news.com\/gdsdetailxhs\/share\/9687691-?pageflag=iframe\" target=\"_blank\"><\/a><\/h3>\n\n\n\n<pre id=\"text-news-description\" class=\"wp-block-preformatted\">   MOSC\u00da, 20 jul (Xinhua) -- Rusia est\u00e1 abierta a la cooperaci\u00f3n en aviaci\u00f3n y astron\u00e1utica con todos los pa\u00edses interesados, dijo hoy martes el presidente ruso, Vladimir Putin.\n   Putin hizo las declaraciones al pronunciar un discurso en la ceremonia de apertura del sal\u00f3n aeroespacial internacional MAKS-2021.\n   El futuro de la industria pertenece a los veh\u00edculos a\u00e9reos no tripulados, los sistemas rob\u00f3ticos y el uso de inteligencia artificial, dijo el presidente ruso.\n   Tambi\u00e9n inst\u00f3 a los cient\u00edficos y dise\u00f1adores de diferentes pa\u00edses a trabajar juntos para lograr nuevos avances en la mejora de la seguridad de vuelo, la reducci\u00f3n del impacto negativo de la aviaci\u00f3n en el medio ambiente y el estudio del espacio extraterrestre. <\/pre>\n","protected":false},"excerpt":{"rendered":"<p>diariodominicano.com MOSC\u00da, 20 jul (Xinhua) &#8212; Rusia est\u00e1 abierta a la cooperaci\u00f3n en aviaci\u00f3n y astron\u00e1utica con todos los pa\u00edses interesados, dijo hoy martes el presidente ruso, Vladimir Putin. Putin hizo las declaraciones al pronunciar un discurso en la ceremonia de apertura del sal\u00f3n aeroespacial internacional MAKS-2021. El futuro de la industria pertenece a los [&hellip;]<\/p>\n","protected":false},"author":5,"featured_media":287894,"comment_status":"closed","ping_status":"","sticky":true,"template":"","format":"standard","meta":{"footnotes":""},"categories":[23,27],"tags":[],"class_list":["post-287893","post","type-post","status-publish","format-standard","has-post-thumbnail","hentry","category-internacional","category-portada"],"_links":{"self":[{"href":"https:\/\/diariodominicano.com\/index.php?rest_route=\/wp\/v2\/posts\/287893","targetHints":{"allow":["GET"]}}],"collection":[{"href":"https:\/\/diariodominicano.com\/index.php?rest_route=\/wp\/v2\/posts"}],"about":[{"href":"https:\/\/diariodominicano.com\/index.php?rest_route=\/wp\/v2\/types\/post"}],"author":[{"embeddable":true,"href":"https:\/\/diariodominicano.com\/index.php?rest_route=\/wp\/v2\/users\/5"}],"replies":[{"embeddable":true,"href":"https:\/\/diariodominicano.com\/index.php?rest_route=%2Fwp%2Fv2%2Fcomments&post=287893"}],"version-history":[{"count":1,"href":"https:\/\/diariodominicano.com\/index.php?rest_route=\/wp\/v2\/posts\/287893\/revisions"}],"predecessor-version":[{"id":287895,"href":"https:\/\/diariodominicano.com\/index.php?rest_route=\/wp\/v2\/posts\/287893\/revisions\/287895"}],"wp:featuredmedia":[{"embeddable":true,"href":"https:\/\/diariodominicano.com\/index.php?rest_route=\/wp\/v2\/media\/287894"}],"wp:attachment":[{"href":"https:\/\/diariodominicano.com\/index.php?rest_route=%2Fwp%2Fv2%2Fmedia&parent=287893"}],"wp:term":[{"taxonomy":"category","embeddable":true,"href":"https:\/\/diariodominicano.com\/index.php?rest_route=%2Fwp%2Fv2%2Fcategories&post=287893"},{"taxonomy":"post_tag","embeddable":true,"href":"https:\/\/diariodominicano.com\/index.php?rest_route=%2Fwp%2Fv2%2Ftags&post=287893"}],"curies":[{"name":"wp","href":"https:\/\/api.w.org\/{rel}","templated":true}]}}