{"id":287890,"date":"2021-07-20T10:16:37","date_gmt":"2021-07-20T14:16:37","guid":{"rendered":"http:\/\/diariodominicano.com\/?p=287890"},"modified":"2021-07-20T10:16:37","modified_gmt":"2021-07-20T14:16:37","slug":"congresista-espaillat-valora-gestion-consul-rd-en-ny","status":"publish","type":"post","link":"https:\/\/diariodominicano.com\/?p=287890","title":{"rendered":"Congresista Espaillat valora gesti\u00f3n c\u00f3nsul RD en NY"},"content":{"rendered":"\n<p>diariodominicano.com<\/p>\n\n\n\n<p><strong>Por Ram\u00f3n Mercedes<\/strong><\/p>\n\n\n\n<p><strong>NUEVA YORK, 20 de julio, 2021.-<\/strong>\u00a0El congresista dem\u00f3crata por el distrito 13 de Nueva York, Adriano Espaillat, valor\u00f3 como positiva la gesti\u00f3n del actual c\u00f3nsul dominicano Eligio J\u00e1quez, para los estados de Nueva York, Nueva Jersey, Connecticut y Pensilvania, bajo la jurisdicci\u00f3n consular.<\/p>\n\n\n\n<p>\u201cEst\u00e1 realizando una buena gesti\u00f3n y \u00e9l y la comunidad dominicana se sienten orgullosos por su trabajo social en beneficio de los quisqueyanos en los estados bajo su jurisdicci\u00f3n\u201d, precis\u00f3 Espaillat.<\/p>\n\n\n\n<p>Destac\u00f3 que J\u00e1quez tiene la sensibilidad y vocaci\u00f3n de servicio para compartir y escuchar a la comunidad respecto a sus necesidades, tras resaltar que \u201ceso es bueno, porque lamentablemente otros no lo hac\u00edan\u201d, indic\u00f3 el congresista.<\/p>\n\n\n\n<p>\u201c\u00c9l es un hombre que tiene la capacidad de escuchar, cooperar y bajar a la comunidad a compartir con sus connacionales y buscar soluciones a sus necesidades\u201d, dijo finalmente el congresista.<\/p>\n\n\n\n<p>Espaillat ofreci\u00f3 sus declaraciones el pasado fin de semana durante la inauguraci\u00f3n del torneo n\u00famero 17 de b\u00e9isbol que organiza la Liga Washington Heights Jaybree Sport que dirige Jos\u00e9 Valdez, siendo dedicado al c\u00f3nsul J\u00e1quez.<\/p>\n","protected":false},"excerpt":{"rendered":"<p>diariodominicano.com Por Ram\u00f3n Mercedes NUEVA YORK, 20 de julio, 2021.-\u00a0El congresista dem\u00f3crata por el distrito 13 de Nueva York, Adriano Espaillat, valor\u00f3 como positiva la gesti\u00f3n del actual c\u00f3nsul dominicano Eligio J\u00e1quez, para los estados de Nueva York, Nueva Jersey, Connecticut y Pensilvania, bajo la jurisdicci\u00f3n consular. \u201cEst\u00e1 realizando una buena gesti\u00f3n y \u00e9l y [&hellip;]<\/p>\n","protected":false},"author":5,"featured_media":287891,"comment_status":"closed","ping_status":"","sticky":true,"template":"","format":"standard","meta":{"footnotes":""},"categories":[20,27],"tags":[],"class_list":["post-287890","post","type-post","status-publish","format-standard","has-post-thumbnail","hentry","category-dominicana-hoy","category-portada"],"_links":{"self":[{"href":"https:\/\/diariodominicano.com\/index.php?rest_route=\/wp\/v2\/posts\/287890","targetHints":{"allow":["GET"]}}],"collection":[{"href":"https:\/\/diariodominicano.com\/index.php?rest_route=\/wp\/v2\/posts"}],"about":[{"href":"https:\/\/diariodominicano.com\/index.php?rest_route=\/wp\/v2\/types\/post"}],"author":[{"embeddable":true,"href":"https:\/\/diariodominicano.com\/index.php?rest_route=\/wp\/v2\/users\/5"}],"replies":[{"embeddable":true,"href":"https:\/\/diariodominicano.com\/index.php?rest_route=%2Fwp%2Fv2%2Fcomments&post=287890"}],"version-history":[{"count":1,"href":"https:\/\/diariodominicano.com\/index.php?rest_route=\/wp\/v2\/posts\/287890\/revisions"}],"predecessor-version":[{"id":287892,"href":"https:\/\/diariodominicano.com\/index.php?rest_route=\/wp\/v2\/posts\/287890\/revisions\/287892"}],"wp:featuredmedia":[{"embeddable":true,"href":"https:\/\/diariodominicano.com\/index.php?rest_route=\/wp\/v2\/media\/287891"}],"wp:attachment":[{"href":"https:\/\/diariodominicano.com\/index.php?rest_route=%2Fwp%2Fv2%2Fmedia&parent=287890"}],"wp:term":[{"taxonomy":"category","embeddable":true,"href":"https:\/\/diariodominicano.com\/index.php?rest_route=%2Fwp%2Fv2%2Fcategories&post=287890"},{"taxonomy":"post_tag","embeddable":true,"href":"https:\/\/diariodominicano.com\/index.php?rest_route=%2Fwp%2Fv2%2Ftags&post=287890"}],"curies":[{"name":"wp","href":"https:\/\/api.w.org\/{rel}","templated":true}]}}