{"id":287887,"date":"2021-07-20T10:00:56","date_gmt":"2021-07-20T14:00:56","guid":{"rendered":"http:\/\/diariodominicano.com\/?p=287887"},"modified":"2021-07-20T10:00:56","modified_gmt":"2021-07-20T14:00:56","slug":"ban-ki-moon-es-reelegido-como-presidente-de-comision-de-etica-de-coi","status":"publish","type":"post","link":"https:\/\/diariodominicano.com\/?p=287887","title":{"rendered":"Ban Ki-moon es reelegido como presidente de Comisi\u00f3n de \u00c9tica de COI"},"content":{"rendered":"\n<p>diariodominicano.com<\/p>\n\n\n\n<pre id=\"text-news-description\" class=\"wp-block-preformatted\"> TOKIO, 20 jul (Xinhua) -- El ex secretario general de las Naciones Unidas Ban Ki-moon fue reelegido hoy martes en Tokio para un mandato adicional de cuatro a\u00f1os como presidente de la Comisi\u00f3n de \u00c9tica del Comit\u00e9 Ol\u00edmpico Internacional (COI) en la 138\u00aa Sesi\u00f3n del COI.\n   El surcoreano ocupa el cargo desde 2017.\n   La sesi\u00f3n del COI tambi\u00e9n reeligi\u00f3 a Xue Hanqin de China como integrante de la comisi\u00f3n para un per\u00edodo adicional de cuatro a\u00f1os. Xue se integr\u00f3 a la comisi\u00f3n en 2017.\n   Laura Chinchilla de Costa Rica, quien se uni\u00f3 al COI como miembro en 2019, fue elegida como nueva integrante de la Comisi\u00f3n de \u00c9tica.\n   Seg\u00fan el COI, Ban y Xue han sido elegidos en su calidad de personalidades, miembros independientes que no son miembros activos, honorarios o ex miembros del COI.\n   Chinchilla ha sido elegida miembro de la Comisi\u00f3n de \u00c9tica del COI en su calidad de miembro activo, honorario o ex miembro del COI. <\/pre>\n","protected":false},"excerpt":{"rendered":"<p>diariodominicano.com TOKIO, 20 jul (Xinhua) &#8212; El ex secretario general de las Naciones Unidas Ban Ki-moon fue reelegido hoy martes en Tokio para un mandato adicional de cuatro a\u00f1os como presidente de la Comisi\u00f3n de \u00c9tica del Comit\u00e9 Ol\u00edmpico Internacional (COI) en la 138\u00aa Sesi\u00f3n del COI. El surcoreano ocupa el cargo desde 2017. La [&hellip;]<\/p>\n","protected":false},"author":5,"featured_media":287888,"comment_status":"closed","ping_status":"","sticky":true,"template":"","format":"standard","meta":{"footnotes":""},"categories":[23,27],"tags":[],"class_list":["post-287887","post","type-post","status-publish","format-standard","has-post-thumbnail","hentry","category-internacional","category-portada"],"_links":{"self":[{"href":"https:\/\/diariodominicano.com\/index.php?rest_route=\/wp\/v2\/posts\/287887","targetHints":{"allow":["GET"]}}],"collection":[{"href":"https:\/\/diariodominicano.com\/index.php?rest_route=\/wp\/v2\/posts"}],"about":[{"href":"https:\/\/diariodominicano.com\/index.php?rest_route=\/wp\/v2\/types\/post"}],"author":[{"embeddable":true,"href":"https:\/\/diariodominicano.com\/index.php?rest_route=\/wp\/v2\/users\/5"}],"replies":[{"embeddable":true,"href":"https:\/\/diariodominicano.com\/index.php?rest_route=%2Fwp%2Fv2%2Fcomments&post=287887"}],"version-history":[{"count":1,"href":"https:\/\/diariodominicano.com\/index.php?rest_route=\/wp\/v2\/posts\/287887\/revisions"}],"predecessor-version":[{"id":287889,"href":"https:\/\/diariodominicano.com\/index.php?rest_route=\/wp\/v2\/posts\/287887\/revisions\/287889"}],"wp:featuredmedia":[{"embeddable":true,"href":"https:\/\/diariodominicano.com\/index.php?rest_route=\/wp\/v2\/media\/287888"}],"wp:attachment":[{"href":"https:\/\/diariodominicano.com\/index.php?rest_route=%2Fwp%2Fv2%2Fmedia&parent=287887"}],"wp:term":[{"taxonomy":"category","embeddable":true,"href":"https:\/\/diariodominicano.com\/index.php?rest_route=%2Fwp%2Fv2%2Fcategories&post=287887"},{"taxonomy":"post_tag","embeddable":true,"href":"https:\/\/diariodominicano.com\/index.php?rest_route=%2Fwp%2Fv2%2Ftags&post=287887"}],"curies":[{"name":"wp","href":"https:\/\/api.w.org\/{rel}","templated":true}]}}