{"id":287868,"date":"2021-07-20T03:25:15","date_gmt":"2021-07-20T07:25:15","guid":{"rendered":"http:\/\/diariodominicano.com\/?p=287868"},"modified":"2021-07-20T03:25:15","modified_gmt":"2021-07-20T07:25:15","slug":"39192-ciudadanos-necesitaron-un-defensor-publico","status":"publish","type":"post","link":"https:\/\/diariodominicano.com\/?p=287868","title":{"rendered":"39,192 CIUDADANOS NECESITARON UN DEFENSOR PUBLICO"},"content":{"rendered":"\n<p><strong>Santo Domingo.- <\/strong>La Oficina Nacional de Defensa Publica brindo asistencia en Trimestre Abril-Junio&nbsp; 2021 completamente gratis a 39,192&nbsp; personas que no contaban con recursos econ\u00f3micos.<\/p>\n\n\n\n<p>De estas 39,192 personas; 37,419 representaron casos Ordinarios (Personas Adultas) y 1,773 casos de adolescentes.<\/p>\n\n\n\n<p>La Defensa P\u00fablica representa al usuario en conflicto con la ley penal, que por cualquier causa carezcan de abogado, as\u00ed como llevar a cabo cualquier acci\u00f3n que tienda a asegurar los derechos de los asistidos; desde el primer acto del procedimiento hasta la desvinculaci\u00f3n del sistema penal. Los defensores p\u00fablicos no reciben influencias o presiones internas o externas en el ejercicio de sus funciones, porque tienen independencia funcional<\/p>\n\n\n\n<figure class=\"wp-block-image size-large is-resized is-style-default\"><img loading=\"lazy\" decoding=\"async\" src=\"https:\/\/diariodominicano.com\/wp-content\/uploads\/2021\/07\/NOTA-DE-PRENSA-39192-PERSONAS-ASISTIDAS-POR-ABOGADOS-GRATIS-6-1024x925.png\" alt=\"\" class=\"wp-image-287883\" width=\"534\" height=\"482\" srcset=\"https:\/\/diariodominicano.com\/wp-content\/uploads\/2021\/07\/NOTA-DE-PRENSA-39192-PERSONAS-ASISTIDAS-POR-ABOGADOS-GRATIS-6-1024x925.png 1024w, https:\/\/diariodominicano.com\/wp-content\/uploads\/2021\/07\/NOTA-DE-PRENSA-39192-PERSONAS-ASISTIDAS-POR-ABOGADOS-GRATIS-6-300x271.png 300w, https:\/\/diariodominicano.com\/wp-content\/uploads\/2021\/07\/NOTA-DE-PRENSA-39192-PERSONAS-ASISTIDAS-POR-ABOGADOS-GRATIS-6-768x694.png 768w, https:\/\/diariodominicano.com\/wp-content\/uploads\/2021\/07\/NOTA-DE-PRENSA-39192-PERSONAS-ASISTIDAS-POR-ABOGADOS-GRATIS-6-1536x1387.png 1536w, https:\/\/diariodominicano.com\/wp-content\/uploads\/2021\/07\/NOTA-DE-PRENSA-39192-PERSONAS-ASISTIDAS-POR-ABOGADOS-GRATIS-6-816x737.png 816w, https:\/\/diariodominicano.com\/wp-content\/uploads\/2021\/07\/NOTA-DE-PRENSA-39192-PERSONAS-ASISTIDAS-POR-ABOGADOS-GRATIS-6.png 1860w\" sizes=\"auto, (max-width: 534px) 100vw, 534px\" \/><\/figure>\n","protected":false},"excerpt":{"rendered":"<p>Santo Domingo.- La Oficina Nacional de Defensa Publica brindo asistencia en Trimestre Abril-Junio&nbsp; 2021 completamente gratis a 39,192&nbsp; personas que no contaban con recursos econ\u00f3micos. De estas 39,192 personas; 37,419 representaron casos Ordinarios (Personas Adultas) y 1,773 casos de adolescentes. La Defensa P\u00fablica representa al usuario en conflicto con la ley penal, que por cualquier [&hellip;]<\/p>\n","protected":false},"author":7,"featured_media":287882,"comment_status":"closed","ping_status":"","sticky":true,"template":"","format":"standard","meta":{"footnotes":""},"categories":[24,27],"tags":[],"class_list":["post-287868","post","type-post","status-publish","format-standard","has-post-thumbnail","hentry","category-justicia-y-derecho","category-portada"],"_links":{"self":[{"href":"https:\/\/diariodominicano.com\/index.php?rest_route=\/wp\/v2\/posts\/287868","targetHints":{"allow":["GET"]}}],"collection":[{"href":"https:\/\/diariodominicano.com\/index.php?rest_route=\/wp\/v2\/posts"}],"about":[{"href":"https:\/\/diariodominicano.com\/index.php?rest_route=\/wp\/v2\/types\/post"}],"author":[{"embeddable":true,"href":"https:\/\/diariodominicano.com\/index.php?rest_route=\/wp\/v2\/users\/7"}],"replies":[{"embeddable":true,"href":"https:\/\/diariodominicano.com\/index.php?rest_route=%2Fwp%2Fv2%2Fcomments&post=287868"}],"version-history":[{"count":1,"href":"https:\/\/diariodominicano.com\/index.php?rest_route=\/wp\/v2\/posts\/287868\/revisions"}],"predecessor-version":[{"id":287884,"href":"https:\/\/diariodominicano.com\/index.php?rest_route=\/wp\/v2\/posts\/287868\/revisions\/287884"}],"wp:featuredmedia":[{"embeddable":true,"href":"https:\/\/diariodominicano.com\/index.php?rest_route=\/wp\/v2\/media\/287882"}],"wp:attachment":[{"href":"https:\/\/diariodominicano.com\/index.php?rest_route=%2Fwp%2Fv2%2Fmedia&parent=287868"}],"wp:term":[{"taxonomy":"category","embeddable":true,"href":"https:\/\/diariodominicano.com\/index.php?rest_route=%2Fwp%2Fv2%2Fcategories&post=287868"},{"taxonomy":"post_tag","embeddable":true,"href":"https:\/\/diariodominicano.com\/index.php?rest_route=%2Fwp%2Fv2%2Ftags&post=287868"}],"curies":[{"name":"wp","href":"https:\/\/api.w.org\/{rel}","templated":true}]}}