{"id":287867,"date":"2021-07-20T04:12:35","date_gmt":"2021-07-20T08:12:35","guid":{"rendered":"http:\/\/diariodominicano.com\/?p=287867"},"modified":"2021-07-20T04:13:00","modified_gmt":"2021-07-20T08:13:00","slug":"casa-brugal-el-mejor-lugar-para-trabajar-en-su-region","status":"publish","type":"post","link":"https:\/\/diariodominicano.com\/?p=287867","title":{"rendered":"Casa Brugal, el mejor lugar para trabajar en su regi\u00f3n"},"content":{"rendered":"\n<p><strong><em>Actualmente tiene en marcha varios programas que le permiten potenciar el desarrollo de sus empleados y el bienestar de sus familias.<\/em><\/strong><\/p>\n\n\n\n<p><strong>Puerto Plata, Rep\u00fablica Dominicana.<\/strong> La empresa familiar que fund\u00f3 Andr\u00e9s Brugal en Puerto Plata hace m\u00e1s de 130 a\u00f1os, es hoy la m\u00e1s admirada y el mejor lugar para trabajar de la regi\u00f3n Norte de Rep\u00fablica Dominicana. As\u00ed lo ha reconocido en su ranking la revista <em>Mercado<\/em>, la m\u00e1s importante publicaci\u00f3n empresarial del pa\u00eds.<\/p>\n\n\n\n<p>Al recibir el premio a nombre de Casa Brugal, Jenny Gonz\u00e1lez, gerente de Compensaci\u00f3n y Beneficios, asegur\u00f3 que cada logro de la empresa se debe a que la mayor prioridad de la organizaci\u00f3n es su gente extraordinaria, a la que siempre pone en el centro de todo lo que hace.&nbsp;<\/p>\n\n\n\n<p>\u201cMantener a la gente como nuestra mayor prioridad fue la clave para que Casa Brugal hoy sea el mejor lugar para trabajar en la regi\u00f3n Norte. Este reconocimiento es sobre todo una gran responsabilidad, seguiremos trabajando para que nuestros colaboradores disfruten de un balance vida-trabajo\u201d, asegur\u00f3 Jenny Gonz\u00e1lez.<\/p>\n\n\n\n<p>Adem\u00e1s de producir una valiosa marca pa\u00eds que es embajadora de lo mejor de nuestra gente en las principales capitales del mundo, Casa Brugal aporta cada vez m\u00e1s al pa\u00eds y a su gente. Actualmente tiene en marcha varios programas que le permiten potenciar el desarrollo de sus empleados y el bienestar de sus familias.<\/p>\n\n\n\n<p>\u201cNuestro Programa de Bienestar basado en tres pilares: mente, cuerpo y estilo de vida, junto al Programa de Asistencia a Empleados, el cual brinda orientaci\u00f3n psicol\u00f3gica a nuestros colaboradores y sus familiares, sin costo durante las 24 horas del d\u00eda y los 7 d\u00edas de la semana, fueron un soporte fundamental para nuestra gente durante la crisis generada por la pandemia\u201d, coment\u00f3 Gonz\u00e1lez.<\/p>\n\n\n\n<p>Casa Brugal tambi\u00e9n cuenta con la Licencia Familiar Moderna, la cual otorga 26 semanas de licencia remunerada tanto a las madres como a los padres por el nacimiento de sus hijos y tambi\u00e9n para casos de adopci\u00f3n.&nbsp; Durante este tiempo son garantizados los ingresos fijos de sus colaboradores, as\u00ed como todos sus beneficios.<\/p>\n\n\n\n<p>\u201cLe agradecemos a la revista Mercado por mantener este reconocimiento a las empresas que m\u00e1s se preocupan por el desarrollo y bienestar de su gente. En Casa Brugal seguiremos trabajando para que nuestros colaboradores se desarrollen como los mejores talentos de la industria en el mejor ambiente laboral posible. Nuestro compromiso con Rep\u00fablica Dominicana siempre empezar\u00e1 por nuestra gente\u201d, concluy\u00f3 Jenny Gonz\u00e1lez.\u00a0<\/p>\n\n\n\n<figure class=\"wp-block-image size-large is-style-default\"><img loading=\"lazy\" decoding=\"async\" width=\"1024\" height=\"673\" src=\"https:\/\/diariodominicano.com\/wp-content\/uploads\/2021\/07\/image-34-1024x673.png\" alt=\"\" class=\"wp-image-287885\" srcset=\"https:\/\/diariodominicano.com\/wp-content\/uploads\/2021\/07\/image-34-1024x673.png 1024w, https:\/\/diariodominicano.com\/wp-content\/uploads\/2021\/07\/image-34-300x197.png 300w, https:\/\/diariodominicano.com\/wp-content\/uploads\/2021\/07\/image-34-768x505.png 768w, https:\/\/diariodominicano.com\/wp-content\/uploads\/2021\/07\/image-34-816x536.png 816w, https:\/\/diariodominicano.com\/wp-content\/uploads\/2021\/07\/image-34.png 1173w\" sizes=\"auto, (max-width: 1024px) 100vw, 1024px\" \/><\/figure>\n","protected":false},"excerpt":{"rendered":"<p>Actualmente tiene en marcha varios programas que le permiten potenciar el desarrollo de sus empleados y el bienestar de sus familias. Puerto Plata, Rep\u00fablica Dominicana. La empresa familiar que fund\u00f3 Andr\u00e9s Brugal en Puerto Plata hace m\u00e1s de 130 a\u00f1os, es hoy la m\u00e1s admirada y el mejor lugar para trabajar de la regi\u00f3n Norte [&hellip;]<\/p>\n","protected":false},"author":7,"featured_media":287885,"comment_status":"closed","ping_status":"","sticky":true,"template":"","format":"standard","meta":{"footnotes":""},"categories":[25,27],"tags":[],"class_list":["post-287867","post","type-post","status-publish","format-standard","has-post-thumbnail","hentry","category-gente","category-portada"],"_links":{"self":[{"href":"https:\/\/diariodominicano.com\/index.php?rest_route=\/wp\/v2\/posts\/287867","targetHints":{"allow":["GET"]}}],"collection":[{"href":"https:\/\/diariodominicano.com\/index.php?rest_route=\/wp\/v2\/posts"}],"about":[{"href":"https:\/\/diariodominicano.com\/index.php?rest_route=\/wp\/v2\/types\/post"}],"author":[{"embeddable":true,"href":"https:\/\/diariodominicano.com\/index.php?rest_route=\/wp\/v2\/users\/7"}],"replies":[{"embeddable":true,"href":"https:\/\/diariodominicano.com\/index.php?rest_route=%2Fwp%2Fv2%2Fcomments&post=287867"}],"version-history":[{"count":1,"href":"https:\/\/diariodominicano.com\/index.php?rest_route=\/wp\/v2\/posts\/287867\/revisions"}],"predecessor-version":[{"id":287886,"href":"https:\/\/diariodominicano.com\/index.php?rest_route=\/wp\/v2\/posts\/287867\/revisions\/287886"}],"wp:featuredmedia":[{"embeddable":true,"href":"https:\/\/diariodominicano.com\/index.php?rest_route=\/wp\/v2\/media\/287885"}],"wp:attachment":[{"href":"https:\/\/diariodominicano.com\/index.php?rest_route=%2Fwp%2Fv2%2Fmedia&parent=287867"}],"wp:term":[{"taxonomy":"category","embeddable":true,"href":"https:\/\/diariodominicano.com\/index.php?rest_route=%2Fwp%2Fv2%2Fcategories&post=287867"},{"taxonomy":"post_tag","embeddable":true,"href":"https:\/\/diariodominicano.com\/index.php?rest_route=%2Fwp%2Fv2%2Ftags&post=287867"}],"curies":[{"name":"wp","href":"https:\/\/api.w.org\/{rel}","templated":true}]}}