{"id":287857,"date":"2021-07-19T22:53:12","date_gmt":"2021-07-20T02:53:12","guid":{"rendered":"http:\/\/diariodominicano.com\/?p=287857"},"modified":"2021-07-19T22:56:13","modified_gmt":"2021-07-20T02:56:13","slug":"jimmy-llibre-se-aproxima-a-la-competencia-mas-importante-de-su-carrera-a-bordo-de-un-porsche-992-de-600-caballos-de-fuerza-hp","status":"publish","type":"post","link":"https:\/\/diariodominicano.com\/?p=287857","title":{"rendered":"Jimmy Llibre se aproxima a la competencia m\u00e1s importante de su carrera a bordo de un Porsche 992 de 600 caballos de fuerza (HP)"},"content":{"rendered":"\n<p><strong>De Rep\u00fablica Dominicana para el mundo el &nbsp;dominicano participar\u00e1 en una de las series m\u00e1s prestigiosa de Estados Unidos, la IMSA<\/strong><\/p>\n\n\n\n<p><strong>Santo Domingo, D,N.<\/strong>&#8211; El corredor de autos dominicano Jimmy Llibre se prepara para enfrentar un nuevo desaf\u00edo, compitiendo en una de las pistas m\u00e1s legendarias y reconocidas del mundo en Road America, en los Estados Unidos. &nbsp;<\/p>\n\n\n\n<p>El experimentado piloto estar\u00e1 participando en la categor\u00eda Porsche Carrera Cup North America, que compite junto con la famosa y reconocida Serie IMSA a nivel mundial, durante el fin de semana del 4 al 6 de agosto.<\/p>\n\n\n\n<p>Esta es una de las carreras m\u00e1s importantes del piloto y pese a que el automovilismo no es considerado un deporte ol\u00edmpico y el camino ha sido m\u00e1s pedregoso, esto no ha sido un impedimento para que Jimmy d\u00e9 lo mejor en cada competencia animando al apoyo de los dominicanos. &nbsp;&nbsp;<\/p>\n\n\n\n<figure class=\"wp-block-image size-large is-style-default\"><img loading=\"lazy\" decoding=\"async\" width=\"1024\" height=\"537\" src=\"https:\/\/diariodominicano.com\/wp-content\/uploads\/2021\/07\/image-33-1024x537.png\" alt=\"\" class=\"wp-image-287860\" srcset=\"https:\/\/diariodominicano.com\/wp-content\/uploads\/2021\/07\/image-33-1024x537.png 1024w, https:\/\/diariodominicano.com\/wp-content\/uploads\/2021\/07\/image-33-300x157.png 300w, https:\/\/diariodominicano.com\/wp-content\/uploads\/2021\/07\/image-33-768x402.png 768w, https:\/\/diariodominicano.com\/wp-content\/uploads\/2021\/07\/image-33-816x428.png 816w, https:\/\/diariodominicano.com\/wp-content\/uploads\/2021\/07\/image-33.png 1267w\" sizes=\"auto, (max-width: 1024px) 100vw, 1024px\" \/><\/figure>\n\n\n\n<p>El piloto reconoce que se trata de \u201cuna de las carreras m\u00e1s importantes del a\u00f1o y la semana m\u00e1s importante tambi\u00e9n\u201d, pero es un reto que anhela y est\u00e1 comprometido en traer resultados gloriosos al pa\u00eds.<\/p>\n\n\n\n<p>Jimmy estar\u00e1 a bordo del \u00faltimo Porsche de nueva generaci\u00f3n, un \u00a0Porsche GT3 Cup 992 de 600 caballos de fuerza CH, para representar al pa\u00eds en la serie IMSA en la Porsche Carrera Cup North America.<\/p>\n\n\n\n<p>\u201cLo m\u00e1s emocionante y divertido es estar en la pista, sentir la adrenalina de la velocidad me apasiona y me impulsa a dar lo mejor de mi y que los dominicanos sientan que el automovilismo local est\u00e1 creciendo internacionalmente\u201d, dice el piloto.<\/p>\n\n\n\n<div class=\"wp-block-image is-style-default\"><figure class=\"alignright size-large\"><img loading=\"lazy\" decoding=\"async\" width=\"781\" height=\"781\" src=\"https:\/\/diariodominicano.com\/wp-content\/uploads\/2021\/07\/image-36.png\" alt=\"\" class=\"wp-image-287863\" srcset=\"https:\/\/diariodominicano.com\/wp-content\/uploads\/2021\/07\/image-36.png 781w, https:\/\/diariodominicano.com\/wp-content\/uploads\/2021\/07\/image-36-300x300.png 300w, https:\/\/diariodominicano.com\/wp-content\/uploads\/2021\/07\/image-36-150x150.png 150w, https:\/\/diariodominicano.com\/wp-content\/uploads\/2021\/07\/image-36-768x768.png 768w, https:\/\/diariodominicano.com\/wp-content\/uploads\/2021\/07\/image-36-88x88.png 88w\" sizes=\"auto, (max-width: 781px) 100vw, 781px\" \/><\/figure><\/div>\n\n\n\n<p>Jimmy se alista f\u00edsica y mentalmente para adaptarse a las diferentes condiciones climatol\u00f3gicas que se le presenten, as\u00ed como del tipo y estado de la superficie para hacerle frente a experimentados pilotos.<\/p>\n\n\n\n<p>Durante todo el a\u00f1o ha venido desarrollando una sorprendente carrera en pista extranjeras, lo que le ha dado cabida a la gran final de la serie del Runoff y dicha oportunidad le ha abierto las puertas&nbsp; para participar en este prestigioso evento.<\/p>\n\n\n\n<p>A trav\u00e9s de estos eventos el piloto logra que la Rep\u00fablica Dominicana se acerca cada vez m\u00e1s a un p\u00fablico de gran potencial para inversi\u00f3n y turismo.<\/p>\n\n\n\n<p>Agradece el valioso apoyo de sus&nbsp;patrocinadores&nbsp;que depositaron su confianza en \u00e9l para este magno evento, como: Setling, Moneyauto, Banreservas, Baldom, DES, Plastidel, Autolujosa y Peynado GA.<\/p>\n","protected":false},"excerpt":{"rendered":"<p>De Rep\u00fablica Dominicana para el mundo el &nbsp;dominicano participar\u00e1 en una de las series m\u00e1s prestigiosa de Estados Unidos, la IMSA Santo Domingo, D,N.&#8211; El corredor de autos dominicano Jimmy Llibre se prepara para enfrentar un nuevo desaf\u00edo, compitiendo en una de las pistas m\u00e1s legendarias y reconocidas del mundo en Road America, en los [&hellip;]<\/p>\n","protected":false},"author":7,"featured_media":274829,"comment_status":"closed","ping_status":"","sticky":true,"template":"","format":"standard","meta":{"footnotes":""},"categories":[17,27],"tags":[],"class_list":["post-287857","post","type-post","status-publish","format-standard","has-post-thumbnail","hentry","category-deportes","category-portada"],"_links":{"self":[{"href":"https:\/\/diariodominicano.com\/index.php?rest_route=\/wp\/v2\/posts\/287857","targetHints":{"allow":["GET"]}}],"collection":[{"href":"https:\/\/diariodominicano.com\/index.php?rest_route=\/wp\/v2\/posts"}],"about":[{"href":"https:\/\/diariodominicano.com\/index.php?rest_route=\/wp\/v2\/types\/post"}],"author":[{"embeddable":true,"href":"https:\/\/diariodominicano.com\/index.php?rest_route=\/wp\/v2\/users\/7"}],"replies":[{"embeddable":true,"href":"https:\/\/diariodominicano.com\/index.php?rest_route=%2Fwp%2Fv2%2Fcomments&post=287857"}],"version-history":[{"count":2,"href":"https:\/\/diariodominicano.com\/index.php?rest_route=\/wp\/v2\/posts\/287857\/revisions"}],"predecessor-version":[{"id":287864,"href":"https:\/\/diariodominicano.com\/index.php?rest_route=\/wp\/v2\/posts\/287857\/revisions\/287864"}],"wp:featuredmedia":[{"embeddable":true,"href":"https:\/\/diariodominicano.com\/index.php?rest_route=\/wp\/v2\/media\/274829"}],"wp:attachment":[{"href":"https:\/\/diariodominicano.com\/index.php?rest_route=%2Fwp%2Fv2%2Fmedia&parent=287857"}],"wp:term":[{"taxonomy":"category","embeddable":true,"href":"https:\/\/diariodominicano.com\/index.php?rest_route=%2Fwp%2Fv2%2Fcategories&post=287857"},{"taxonomy":"post_tag","embeddable":true,"href":"https:\/\/diariodominicano.com\/index.php?rest_route=%2Fwp%2Fv2%2Ftags&post=287857"}],"curies":[{"name":"wp","href":"https:\/\/api.w.org\/{rel}","templated":true}]}}