{"id":287848,"date":"2021-07-19T22:18:49","date_gmt":"2021-07-20T02:18:49","guid":{"rendered":"http:\/\/diariodominicano.com\/?p=287848"},"modified":"2021-07-19T22:18:49","modified_gmt":"2021-07-20T02:18:49","slug":"dni-aclara-que-el-carnet-de-la-persona-detenida-en-ny-no-fue-emitido-en-la-presente-gestion","status":"publish","type":"post","link":"https:\/\/diariodominicano.com\/?p=287848","title":{"rendered":"DNI aclara que el carnet de la persona detenida en NY no fue emitido en la presente gesti\u00f3n"},"content":{"rendered":"\n<p>diariodominicano.com<\/p>\n\n\n\n<p>Santo Domingo, R. D., 19 de julio, 2021.- El Departamento Nacional de Investigaciones (DNI) aclar\u00f3 este lunes mediante un comunicado que el carnet que portaba una persona detenida en la ciudad de New York perteneciente a esa instituci\u00f3n, no fue emitido en la presente administraci\u00f3n.<\/p>\n\n\n\n<p>La informaci\u00f3n precisa que la persona detenida fue el se\u00f1or Morillo Morillo, en el Bronx en fecha 11 de junio del presente a\u00f1o 2021.<\/p>\n\n\n\n<p>Indica adem\u00e1s que el carnet que portaba el se\u00f1or Morillo fue emitido durante la administraci\u00f3n pasada de 2016\/2020.<\/p>\n\n\n\n<p>Desde que las presentes autoridades asumieron el gobierno, el DNI ha desvinculado y retirado el carnet aproximadamente unas 8 mil personas.<\/p>\n\n\n\n<p>En ese orden, solicit\u00f3 al ministerio de Defensa y a la Polic\u00eda Nacional que toda persona detenida, portando un carnet del DNI de la anterior gesti\u00f3n, el mismo le fuera incautado y remitido a ese organismo.<\/p>\n\n\n\n<p>El DNI desde hace mucho tiempo tambi\u00e9n realiz\u00f3 cambios en sus carnets, y entre estas modificaciones est\u00e1n un holograma sobre la barra color azul, un logo del DNI al lado de la foto y un n\u00famero debajo de los apellidos.<\/p>\n\n\n\n<p>Fuente: Direcci\u00f3n de prensa<\/p>\n\n\n\n<p>Presidencia de la Rep\u00fablica Dominicana<\/p>\n","protected":false},"excerpt":{"rendered":"<p>diariodominicano.com Santo Domingo, R. D., 19 de julio, 2021.- El Departamento Nacional de Investigaciones (DNI) aclar\u00f3 este lunes mediante un comunicado que el carnet que portaba una persona detenida en la ciudad de New York perteneciente a esa instituci\u00f3n, no fue emitido en la presente administraci\u00f3n. La informaci\u00f3n precisa que la persona detenida fue el [&hellip;]<\/p>\n","protected":false},"author":5,"featured_media":287852,"comment_status":"closed","ping_status":"","sticky":true,"template":"","format":"standard","meta":{"footnotes":""},"categories":[24,27],"tags":[],"class_list":["post-287848","post","type-post","status-publish","format-standard","has-post-thumbnail","hentry","category-justicia-y-derecho","category-portada"],"_links":{"self":[{"href":"https:\/\/diariodominicano.com\/index.php?rest_route=\/wp\/v2\/posts\/287848","targetHints":{"allow":["GET"]}}],"collection":[{"href":"https:\/\/diariodominicano.com\/index.php?rest_route=\/wp\/v2\/posts"}],"about":[{"href":"https:\/\/diariodominicano.com\/index.php?rest_route=\/wp\/v2\/types\/post"}],"author":[{"embeddable":true,"href":"https:\/\/diariodominicano.com\/index.php?rest_route=\/wp\/v2\/users\/5"}],"replies":[{"embeddable":true,"href":"https:\/\/diariodominicano.com\/index.php?rest_route=%2Fwp%2Fv2%2Fcomments&post=287848"}],"version-history":[{"count":1,"href":"https:\/\/diariodominicano.com\/index.php?rest_route=\/wp\/v2\/posts\/287848\/revisions"}],"predecessor-version":[{"id":287853,"href":"https:\/\/diariodominicano.com\/index.php?rest_route=\/wp\/v2\/posts\/287848\/revisions\/287853"}],"wp:featuredmedia":[{"embeddable":true,"href":"https:\/\/diariodominicano.com\/index.php?rest_route=\/wp\/v2\/media\/287852"}],"wp:attachment":[{"href":"https:\/\/diariodominicano.com\/index.php?rest_route=%2Fwp%2Fv2%2Fmedia&parent=287848"}],"wp:term":[{"taxonomy":"category","embeddable":true,"href":"https:\/\/diariodominicano.com\/index.php?rest_route=%2Fwp%2Fv2%2Fcategories&post=287848"},{"taxonomy":"post_tag","embeddable":true,"href":"https:\/\/diariodominicano.com\/index.php?rest_route=%2Fwp%2Fv2%2Ftags&post=287848"}],"curies":[{"name":"wp","href":"https:\/\/api.w.org\/{rel}","templated":true}]}}