{"id":287843,"date":"2021-07-19T21:53:27","date_gmt":"2021-07-20T01:53:27","guid":{"rendered":"http:\/\/diariodominicano.com\/?p=287843"},"modified":"2021-07-19T21:54:21","modified_gmt":"2021-07-20T01:54:21","slug":"pedro-castillo-es-proclamado-presidente-electo-de-peru","status":"publish","type":"post","link":"https:\/\/diariodominicano.com\/?p=287843","title":{"rendered":"Pedro Castillo es proclamado presidente electo de Per\u00fa"},"content":{"rendered":"\n<h3 class=\"wp-block-heading\">diariodominicano.com<a rel=\"noreferrer noopener\" href=\"http:\/\/home.xinhua-news.com\/gdsdetailxhs\/share\/9684018-?pageflag=iframe\" target=\"_blank\"><\/a><a rel=\"noreferrer noopener\" href=\"http:\/\/home.xinhua-news.com\/gdsdetailxhs\/share\/9684018-?pageflag=iframe\" target=\"_blank\"><\/a><\/h3>\n\n\n\n<pre id=\"text-news-description\" class=\"wp-block-preformatted\">   LIMA, 19 jul (Xinhua) -- El Jurado Nacional de Elecciones (JNE) de Per\u00fa proclam\u00f3 este lunes oficialmente a Pedro Castillo como presidente electo del pa\u00eds, tras cumplirse m\u00e1s de un mes del balotaje que la naci\u00f3n andina celebr\u00f3 el pasado 6 de junio.\n   El anuncio fue hecho por la m\u00e1xima autoridad del \u00f3rgano electoral, Jorge Salas Arenas, durante una ceremonia que se desarroll\u00f3 de manera virtual.\n   \"Proclamo presidente de la Rep\u00fablica a don Jos\u00e9 Pedro Castillo Terrones, y primera vicepresidenta de la Rep\u00fablica a do\u00f1a Dina Ercilia Boluarte Zegarra\", expres\u00f3 el funcionario.\n   De acuerdo con los resultados de las actas contabilizadas al 100 por ciento, Castillo obtuvo en las pasadas elecciones 8.836.380 votos, equivalente a 50,12 por ciento; mientras que su contrincante Keiko Fujimori capt\u00f3 8.792.117 votos, equivalente a 49,87 por ciento.<\/pre>\n","protected":false},"excerpt":{"rendered":"<p>diariodominicano.com LIMA, 19 jul (Xinhua) &#8212; El Jurado Nacional de Elecciones (JNE) de Per\u00fa proclam\u00f3 este lunes oficialmente a Pedro Castillo como presidente electo del pa\u00eds, tras cumplirse m\u00e1s de un mes del balotaje que la naci\u00f3n andina celebr\u00f3 el pasado 6 de junio. El anuncio fue hecho por la m\u00e1xima autoridad del \u00f3rgano electoral, [&hellip;]<\/p>\n","protected":false},"author":5,"featured_media":287845,"comment_status":"closed","ping_status":"","sticky":true,"template":"","format":"standard","meta":{"footnotes":""},"categories":[23,27],"tags":[],"class_list":["post-287843","post","type-post","status-publish","format-standard","has-post-thumbnail","hentry","category-internacional","category-portada"],"_links":{"self":[{"href":"https:\/\/diariodominicano.com\/index.php?rest_route=\/wp\/v2\/posts\/287843","targetHints":{"allow":["GET"]}}],"collection":[{"href":"https:\/\/diariodominicano.com\/index.php?rest_route=\/wp\/v2\/posts"}],"about":[{"href":"https:\/\/diariodominicano.com\/index.php?rest_route=\/wp\/v2\/types\/post"}],"author":[{"embeddable":true,"href":"https:\/\/diariodominicano.com\/index.php?rest_route=\/wp\/v2\/users\/5"}],"replies":[{"embeddable":true,"href":"https:\/\/diariodominicano.com\/index.php?rest_route=%2Fwp%2Fv2%2Fcomments&post=287843"}],"version-history":[{"count":1,"href":"https:\/\/diariodominicano.com\/index.php?rest_route=\/wp\/v2\/posts\/287843\/revisions"}],"predecessor-version":[{"id":287846,"href":"https:\/\/diariodominicano.com\/index.php?rest_route=\/wp\/v2\/posts\/287843\/revisions\/287846"}],"wp:featuredmedia":[{"embeddable":true,"href":"https:\/\/diariodominicano.com\/index.php?rest_route=\/wp\/v2\/media\/287845"}],"wp:attachment":[{"href":"https:\/\/diariodominicano.com\/index.php?rest_route=%2Fwp%2Fv2%2Fmedia&parent=287843"}],"wp:term":[{"taxonomy":"category","embeddable":true,"href":"https:\/\/diariodominicano.com\/index.php?rest_route=%2Fwp%2Fv2%2Fcategories&post=287843"},{"taxonomy":"post_tag","embeddable":true,"href":"https:\/\/diariodominicano.com\/index.php?rest_route=%2Fwp%2Fv2%2Ftags&post=287843"}],"curies":[{"name":"wp","href":"https:\/\/api.w.org\/{rel}","templated":true}]}}