{"id":287841,"date":"2021-07-19T21:02:54","date_gmt":"2021-07-20T01:02:54","guid":{"rendered":"http:\/\/diariodominicano.com\/?p=287841"},"modified":"2021-07-19T21:02:54","modified_gmt":"2021-07-20T01:02:54","slug":"poder-ejecutivo-asciende-a-cinco-generales-al-rango-de-mayor-general-y-los-coloca-en-retiro","status":"publish","type":"post","link":"https:\/\/diariodominicano.com\/?p=287841","title":{"rendered":"Poder Ejecutivo asciende a cinco generales al rango de mayor general y los coloca en retiro"},"content":{"rendered":"\n<p>diariodominicano.com<\/p>\n\n\n\n<p>Santo Domingo, R. D., 19 de julio, 2021. &#8211; El Poder Ejecutivo ascendi\u00f3 a cinco generales al rango de mayor general y los coloc\u00f3 en honrosa situaci\u00f3n de retiro, con disfrute de la pensi\u00f3n correspondiente.\u00a0<\/p>\n\n\n\n<p>La medida est\u00e1 contemplada en el Decreto&nbsp;<a href=\"https:\/\/presidencia.gob.do\/decretos\/444-21\">444-21<\/a>, de este 19 de julio de 2021.<\/p>\n\n\n\n<p>Los generales de la PN ascendidos y puestos en retiro son: Jos\u00e9 A. Acosta Castellanos, Ram\u00f3n Alc\u00e1ntara, Ram\u00f3n E. Ciriaco N\u00fa\u00f1ez, V\u00edctor Ant. Campusano Jim\u00e9nez y Alejandro Dipr\u00e9 Sierra.<\/p>\n","protected":false},"excerpt":{"rendered":"<p>diariodominicano.com Santo Domingo, R. D., 19 de julio, 2021. &#8211; El Poder Ejecutivo ascendi\u00f3 a cinco generales al rango de mayor general y los coloc\u00f3 en honrosa situaci\u00f3n de retiro, con disfrute de la pensi\u00f3n correspondiente.\u00a0 La medida est\u00e1 contemplada en el Decreto&nbsp;444-21, de este 19 de julio de 2021. Los generales de la PN [&hellip;]<\/p>\n","protected":false},"author":5,"featured_media":285608,"comment_status":"closed","ping_status":"","sticky":true,"template":"","format":"standard","meta":{"footnotes":""},"categories":[24,27],"tags":[],"class_list":["post-287841","post","type-post","status-publish","format-standard","has-post-thumbnail","hentry","category-justicia-y-derecho","category-portada"],"_links":{"self":[{"href":"https:\/\/diariodominicano.com\/index.php?rest_route=\/wp\/v2\/posts\/287841","targetHints":{"allow":["GET"]}}],"collection":[{"href":"https:\/\/diariodominicano.com\/index.php?rest_route=\/wp\/v2\/posts"}],"about":[{"href":"https:\/\/diariodominicano.com\/index.php?rest_route=\/wp\/v2\/types\/post"}],"author":[{"embeddable":true,"href":"https:\/\/diariodominicano.com\/index.php?rest_route=\/wp\/v2\/users\/5"}],"replies":[{"embeddable":true,"href":"https:\/\/diariodominicano.com\/index.php?rest_route=%2Fwp%2Fv2%2Fcomments&post=287841"}],"version-history":[{"count":1,"href":"https:\/\/diariodominicano.com\/index.php?rest_route=\/wp\/v2\/posts\/287841\/revisions"}],"predecessor-version":[{"id":287842,"href":"https:\/\/diariodominicano.com\/index.php?rest_route=\/wp\/v2\/posts\/287841\/revisions\/287842"}],"wp:featuredmedia":[{"embeddable":true,"href":"https:\/\/diariodominicano.com\/index.php?rest_route=\/wp\/v2\/media\/285608"}],"wp:attachment":[{"href":"https:\/\/diariodominicano.com\/index.php?rest_route=%2Fwp%2Fv2%2Fmedia&parent=287841"}],"wp:term":[{"taxonomy":"category","embeddable":true,"href":"https:\/\/diariodominicano.com\/index.php?rest_route=%2Fwp%2Fv2%2Fcategories&post=287841"},{"taxonomy":"post_tag","embeddable":true,"href":"https:\/\/diariodominicano.com\/index.php?rest_route=%2Fwp%2Fv2%2Ftags&post=287841"}],"curies":[{"name":"wp","href":"https:\/\/api.w.org\/{rel}","templated":true}]}}