{"id":287834,"date":"2021-07-19T21:15:44","date_gmt":"2021-07-20T01:15:44","guid":{"rendered":"http:\/\/diariodominicano.com\/?p=287834"},"modified":"2021-07-19T22:49:13","modified_gmt":"2021-07-20T02:49:13","slug":"con-la-revolucion-cubana-ayer-hoy-y-siempre","status":"publish","type":"post","link":"https:\/\/diariodominicano.com\/?p=287834","title":{"rendered":"Con la Revoluci\u00f3n Cubana, ayer, hoy y siempre"},"content":{"rendered":"\n<p>Por: Ram\u00f3n Antonio Veras <\/p>\n\n\n\n<p>I.- Mi posici\u00f3n ante la Revoluci\u00f3n Cubana<\/p>\n\n\n\n<p>1.- En todo el curso de mi existencia, con m\u00e1s de ochenta a\u00f1os de edad, he actuado apegado a lo que son mis convicciones filos\u00f3ficas, creencias pol\u00edticas e ideales. He accionado apegado a lo que creo, sin escepticismo alguno.<\/p>\n\n\n\n<p>2.- No tengo ninguna duda de que durante el proceso revolucionario cubano, se han cometido errores, y de seguro se incurran en otros m\u00e1s, porque quienes lo dirigen son seres humanos llamados a equivocarse. Ellos no son infalibles, pueden fallar.<\/p>\n\n\n\n<p>3.- Pero, por encima de sus desaciertos, valoro positivamente la Revoluci\u00f3n Cubana, por estar impregnada de amor al ser humano; a su dignidad y preocupaci\u00f3n por el bienestar e integral desarrollo material y espiritual.<\/p>\n\n\n\n<p>4.- La Revoluci\u00f3n Cubana, ha alcanzado para el pueblo cubano, logros que bajo el capitalismo ning\u00fan pa\u00eds ha obtenido, a pesar del bloqueo econ\u00f3mico, financiero, mar\u00edtimo, a\u00e9reo y diplom\u00e1tico, que Estados Unidos, le ha impuesto por m\u00e1s de 60 a\u00f1os.<\/p>\n\n\n\n<p>5.- Cualquier persona bien nacida, decente y con sano juicio, tiene posibilidad de conocer lo que la Revoluci\u00f3n Cubana, ha hecho en educaci\u00f3n y salud para el pueblo. Ning\u00fan otro pa\u00eds est\u00e1 en condiciones en tan corto tiempo de exhibir los logros como Cuba.<\/p>\n\n\n\n<p>6.- No estoy obligado a convertirme en un est\u00fapido para creer que el modelo econ\u00f3mico que predomina en Cuba, es el causante de la escasez, de las dificultades que afectan a la poblaci\u00f3n cubana.<\/p>\n\n\n\n<p>7.- La persona de pensamiento libre, no condicionada por los ide\u00f3logos del imperio, sabe que los problemas que lesionan al pueblo de Cuba, no son sist\u00e9micos, sino creados por el bloqueo impuesto por Estados Unidos.<\/p>\n\n\n\n<p>8.- Todo pueblo de Am\u00e9rica Latina y el Caribe, que decida liberarse de las cadenas oprobiosas del colonialismo, el subdesarrollo y la dependencia, ser\u00e1 golpeado por el imperio, de la misma forma que lo ha sido Cuba.<\/p>\n\n\n\n<p>9.- Los intereses monopolistas norteamericanos, no van a cesar en su empe\u00f1o de que desaparezca la Revoluci\u00f3n Cubana, y para tal fin aplicar\u00e1n los m\u00e9todos y medios m\u00e1s despreciables.<\/p>\n\n\n\n<p>II.- Para defender su Revoluci\u00f3n, el pueblo cubano tiene: Estado, Gobierno, Partido y Organizaciones de masas<\/p>\n\n\n\n<p>10.- En Cuba, durante muchos a\u00f1os, el Estado y el Gobierno de las minor\u00edas, siempre fueron utilizados para acallar, aplastar y oprimir a las grandes mayor\u00edas, a los trabajadores, a los campesinos sin tierra, en sentido general, a las masas populares cubanas.<\/p>\n\n\n\n<p>11.-El Estado de nuevo contenido social, y el Gobierno integrado por fuerzas pol\u00edticas que en Cuba nunca hab\u00edan estado en el poder, tienen hoy aut\u00e9ntico car\u00e1cter popular y el leg\u00edtimo derecho de defender al pueblo.<\/p>\n\n\n\n<p>12.- Los Partidos pol\u00edticos, son asociaciones que expresan y defienden intereses de determinadas clases. El Partido Comunista de Cuba, est\u00e1 integrado por trabajadores y su objetivo es defender a sus representados y a todo el pueblo. Por su naturaleza, esencia y composici\u00f3n, los partidos comunistas, ya en el poder, son instrumentos de lucha para abogar, proteger y, en todo caso, salvaguardar lo que es favorable para la mayor\u00eda de la poblaci\u00f3n.<\/p>\n\n\n\n<p>III.- Ante los provocadores, accionar en firme<\/p>\n\n\n\n<p>13.- En Cuba, el Estado, el Gobierno y el Partido, tienen como misi\u00f3n mantenerse en pleno desvelo. Cuidar con suma vigilancia, y no abandonar en ning\u00fan momento la defensa del pueblo cubano, sus intereses cardinales, la soberan\u00eda e independencia.<\/p>\n\n\n\n<p>14.- En ejecuci\u00f3n de la Doctrina Guerra de Baja Intensidad, el imperio, nuevamente, y en su continuidad desestabilizadora, procura indisponer, desunir, emponzo\u00f1ar a cubanos contra cubanos y, a la vez, desnaturalizar y hacer confuso el claro proceso revolucionario que se desarrolla en Cuba.<\/p>\n\n\n\n<p>15.- Hay que enfrentar sin contemplaci\u00f3n a los antisociales, esp\u00edas, saboteadores y conspiradores, que act\u00faan como quinta columna, listos para colaborar con los enemigos de la revoluci\u00f3n.<\/p>\n\n\n\n<p>16.- Mi identificaci\u00f3n con la Revoluci\u00f3n Cubana, no tiene nada de fanatismo, entusiasmo de senectud, ni intransigencia trasnochada. Trato de ser un ser humano ecu\u00e1nime y sereno en mis razonamientos. No me creo portador de la verdad absoluta.<\/p>\n\n\n\n<p>17.- Hago la observaci\u00f3n de que este art\u00edculo lo he escrito al momento de partir hacia el extranjero, en procura de determinar la certeza de mi estado de salud.<\/p>\n\n\n\n<p>Santiago de los Caballeros,<\/p>\n","protected":false},"excerpt":{"rendered":"<p>Por: Ram\u00f3n Antonio Veras I.- Mi posici\u00f3n ante la Revoluci\u00f3n Cubana 1.- En todo el curso de mi existencia, con m\u00e1s de ochenta a\u00f1os de edad, he actuado apegado a lo que son mis convicciones filos\u00f3ficas, creencias pol\u00edticas e ideales. He accionado apegado a lo que creo, sin escepticismo alguno. 2.- No tengo ninguna duda [&hellip;]<\/p>\n","protected":false},"author":7,"featured_media":287851,"comment_status":"closed","ping_status":"","sticky":true,"template":"","format":"standard","meta":{"footnotes":""},"categories":[19,27],"tags":[],"class_list":["post-287834","post","type-post","status-publish","format-standard","has-post-thumbnail","hentry","category-mi-voz","category-portada"],"_links":{"self":[{"href":"https:\/\/diariodominicano.com\/index.php?rest_route=\/wp\/v2\/posts\/287834","targetHints":{"allow":["GET"]}}],"collection":[{"href":"https:\/\/diariodominicano.com\/index.php?rest_route=\/wp\/v2\/posts"}],"about":[{"href":"https:\/\/diariodominicano.com\/index.php?rest_route=\/wp\/v2\/types\/post"}],"author":[{"embeddable":true,"href":"https:\/\/diariodominicano.com\/index.php?rest_route=\/wp\/v2\/users\/7"}],"replies":[{"embeddable":true,"href":"https:\/\/diariodominicano.com\/index.php?rest_route=%2Fwp%2Fv2%2Fcomments&post=287834"}],"version-history":[{"count":1,"href":"https:\/\/diariodominicano.com\/index.php?rest_route=\/wp\/v2\/posts\/287834\/revisions"}],"predecessor-version":[{"id":287844,"href":"https:\/\/diariodominicano.com\/index.php?rest_route=\/wp\/v2\/posts\/287834\/revisions\/287844"}],"wp:featuredmedia":[{"embeddable":true,"href":"https:\/\/diariodominicano.com\/index.php?rest_route=\/wp\/v2\/media\/287851"}],"wp:attachment":[{"href":"https:\/\/diariodominicano.com\/index.php?rest_route=%2Fwp%2Fv2%2Fmedia&parent=287834"}],"wp:term":[{"taxonomy":"category","embeddable":true,"href":"https:\/\/diariodominicano.com\/index.php?rest_route=%2Fwp%2Fv2%2Fcategories&post=287834"},{"taxonomy":"post_tag","embeddable":true,"href":"https:\/\/diariodominicano.com\/index.php?rest_route=%2Fwp%2Fv2%2Ftags&post=287834"}],"curies":[{"name":"wp","href":"https:\/\/api.w.org\/{rel}","templated":true}]}}