{"id":287817,"date":"2021-07-19T20:14:17","date_gmt":"2021-07-20T00:14:17","guid":{"rendered":"http:\/\/diariodominicano.com\/?p=287817"},"modified":"2021-07-19T20:14:17","modified_gmt":"2021-07-20T00:14:17","slug":"fauci-dice-que-teoria-de-origenes-naturales-de-nuevo-coronavirus-aun-es-la-mas-probable","status":"publish","type":"post","link":"https:\/\/diariodominicano.com\/?p=287817","title":{"rendered":"Fauci dice que teor\u00eda de or\u00edgenes naturales de nuevo coronavirus a\u00fan es \u00abla m\u00e1s probable\u00bb"},"content":{"rendered":"\n<p>diariodominicano.com<a rel=\"noreferrer noopener\" href=\"http:\/\/home.xinhua-news.com\/gdsdetailxhs\/share\/9683271-?pageflag=iframe\" target=\"_blank\"><\/a><\/p>\n\n\n\n<pre id=\"text-news-description\" class=\"wp-block-preformatted\">   WASHINGTON, 19 jul (Xinhua) -- El asesor m\u00e9dico en jefe de la Casa Blanca, Anthony Fauci, dijo recientemente que cree que la teor\u00eda de los or\u00edgenes naturales del nuevo coronavirus sigue siendo \"la m\u00e1s probable\".\n   \"La explicaci\u00f3n m\u00e1s probable es una evoluci\u00f3n natural de un reservorio animal a un humano\", dijo Fauci, tambi\u00e9n director del Instituto Nacional de Alergias y Enfermedades Infecciosas de Estados Unidos, durante una entrevista el s\u00e1bado con CNN.\n   Paul Offit, miembro del comit\u00e9 asesor de vacunas de la Administraci\u00f3n de Alimentos y Medicamentos de Estados Unidos, apoy\u00f3 los comentarios de Fauci.\n   \"Creo que la posibilidad de que esto haya sido creado por trabajadores de laboratorio, de que fue dise\u00f1ado, es cero\", dijo Offit a CNN en otra entrevista.\n   Matthew Kavanagh, director de la iniciativa global de pol\u00edticas de salud en la Universidad de Georgetown, dijo a la revista estadounidense Rolling Stone a principios de este mes que el hecho de que el presidente estadounidense Joe Biden haya recurrido a la comunidad de inteligencia y no a los funcionarios de salud para realizar una revisi\u00f3n de los or\u00edgenes del coronavirus ya pudo haber politizado el asunto.\n   \"Esto nos dice que se trata de una historia pol\u00edtica y de inteligencia, no de una historia principalmente sobre ciencia\", dijo Kavanagh. \"Por eso, debemos entender el panorama en ese sentido, y no ser ingenuos al respecto. Estamos en un lugar donde la pol\u00edtica est\u00e1 impulsando el entendimiento cient\u00edfico de la gente de una manera peligrosa\".\n   Kavanagh agreg\u00f3 que si el objetivo del informe de Biden fuera encontrar una explicaci\u00f3n cient\u00edfica de los or\u00edgenes de la COVID-19, lo habr\u00eda encargado a los Centros para el Control y la Prevenci\u00f3n de Enfermedades o a los Institutos Nacionales de Salud, en lugar de a las agencias de inteligencia estadounidenses. <\/pre>\n","protected":false},"excerpt":{"rendered":"<p>diariodominicano.com WASHINGTON, 19 jul (Xinhua) &#8212; El asesor m\u00e9dico en jefe de la Casa Blanca, Anthony Fauci, dijo recientemente que cree que la teor\u00eda de los or\u00edgenes naturales del nuevo coronavirus sigue siendo \u00abla m\u00e1s probable\u00bb. \u00abLa explicaci\u00f3n m\u00e1s probable es una evoluci\u00f3n natural de un reservorio animal a un humano\u00bb, dijo Fauci, tambi\u00e9n director [&hellip;]<\/p>\n","protected":false},"author":5,"featured_media":287818,"comment_status":"closed","ping_status":"","sticky":true,"template":"","format":"standard","meta":{"footnotes":""},"categories":[23,27],"tags":[],"class_list":["post-287817","post","type-post","status-publish","format-standard","has-post-thumbnail","hentry","category-internacional","category-portada"],"_links":{"self":[{"href":"https:\/\/diariodominicano.com\/index.php?rest_route=\/wp\/v2\/posts\/287817","targetHints":{"allow":["GET"]}}],"collection":[{"href":"https:\/\/diariodominicano.com\/index.php?rest_route=\/wp\/v2\/posts"}],"about":[{"href":"https:\/\/diariodominicano.com\/index.php?rest_route=\/wp\/v2\/types\/post"}],"author":[{"embeddable":true,"href":"https:\/\/diariodominicano.com\/index.php?rest_route=\/wp\/v2\/users\/5"}],"replies":[{"embeddable":true,"href":"https:\/\/diariodominicano.com\/index.php?rest_route=%2Fwp%2Fv2%2Fcomments&post=287817"}],"version-history":[{"count":1,"href":"https:\/\/diariodominicano.com\/index.php?rest_route=\/wp\/v2\/posts\/287817\/revisions"}],"predecessor-version":[{"id":287819,"href":"https:\/\/diariodominicano.com\/index.php?rest_route=\/wp\/v2\/posts\/287817\/revisions\/287819"}],"wp:featuredmedia":[{"embeddable":true,"href":"https:\/\/diariodominicano.com\/index.php?rest_route=\/wp\/v2\/media\/287818"}],"wp:attachment":[{"href":"https:\/\/diariodominicano.com\/index.php?rest_route=%2Fwp%2Fv2%2Fmedia&parent=287817"}],"wp:term":[{"taxonomy":"category","embeddable":true,"href":"https:\/\/diariodominicano.com\/index.php?rest_route=%2Fwp%2Fv2%2Fcategories&post=287817"},{"taxonomy":"post_tag","embeddable":true,"href":"https:\/\/diariodominicano.com\/index.php?rest_route=%2Fwp%2Fv2%2Ftags&post=287817"}],"curies":[{"name":"wp","href":"https:\/\/api.w.org\/{rel}","templated":true}]}}