{"id":287814,"date":"2021-07-19T19:43:43","date_gmt":"2021-07-19T23:43:43","guid":{"rendered":"http:\/\/diariodominicano.com\/?p=287814"},"modified":"2021-07-19T19:43:43","modified_gmt":"2021-07-19T23:43:43","slug":"ministerio-publico-informa-que-musicalizador-de-san-francisco-debera-realizar-trabajo-social-en-favor-del-combate-a-la-covid-19","status":"publish","type":"post","link":"https:\/\/diariodominicano.com\/?p=287814","title":{"rendered":"Ministerio P\u00fablico informa que musicalizador de San Francisco deber\u00e1 realizar trabajo social en favor del combate a la COVID-19"},"content":{"rendered":"\n<p>diariodominicano.com<br><br><strong>Santo Domingo, R. D., 19 de julio, 2021<\/strong>.-  El Ministerio P\u00fablico inform\u00f3 que deber\u00e1 realizar trabajo social preventivo contra la COVID-19, un musicalizador dominicano residente en Estados Unidos que el pasado 13 de julio organiz\u00f3 una caravana en las provincias Duarte y Hermanas Mirabal.<\/p>\n\n\n\n<p><br>Los fiscales Juana Mar\u00eda Brito, titular de la Regional Nordeste de la Procuradur\u00eda Especializada para la Defensa del Medio Ambiente y los Recursos Naturales del Departamento; Smaily Yamel Rodr\u00edguez Rodr\u00edguez, titular de la Fiscal\u00eda de la provincia Duarte; y Edward Andr\u00e9s N\u00fa\u00f1ez-Merette, de la Fiscal\u00eda de Hermanas Mirabal, explicaron que Julio Adoni Gross Gonz\u00e1lez (conocido como Dj Adoni), reconoci\u00f3 que la actividad multitudinaria puso en riesgo la salud de cientos de ciudadanos.<\/p>\n\n\n\n<p><br>Gross Gonz\u00e1lez, quien se hizo asistir del abogado F\u00e9lix Humberto Portes N\u00fa\u00f1ez, extern\u00f3 una disculpa p\u00fablica y se comprometi\u00f3 a trabajar para que &nbsp;los ciudadanos respeten las leyes sobre Medio Ambiente y Salud (n\u00fameros 64-00 y 42-01) y a guardar los protocolos para evitar la propagaci\u00f3n del coronavirus que provoca la COVID-19.<\/p>\n\n\n\n<p><br>El acta compromete a Gross Gonz\u00e1lez a participar en actividades oficiales enfocadas en concienciar a la poblaci\u00f3n sobre la necesidad de vacunarse contra la COVID-19.<\/p>\n\n\n\n<p><br>El documento explica que, en caso de incumplir el compromiso, el musicalizador deber\u00e1 enfrentar una imputaci\u00f3n penal por la violaci\u00f3n de la infracci\u00f3n contenida la legislaci\u00f3n 64-00 y la ley 42-01.<\/p>\n\n\n\n<p><br>Las autoridades de Rep\u00fablica Dominicana, como la de muchos pa\u00edses del mundo, luchan contra la pandemia de la COVID-19, una enfermedad que ha afectado a 337,738 personas en el territorio dominicano, seg\u00fan las \u00faltimas cifras del Ministerio de Salud P\u00fablica.<\/p>\n\n\n\n<p><br>El Ministerio de Salud P\u00fablica insiste en la necesidad de evitar actividades multitudinarias, mantener el distanciamiento f\u00edsico y seguir las medidas de higiene necesarias, como una forma de luchar contra el virus que ha cobrado la vida de al menos 3,916 personas en Rep\u00fablica Dominicana.<\/p>\n\n\n\n<p>Fuente:  <strong>Direcci\u00f3n de Comunicaci\u00f3n y Prensa<\/strong><\/p>\n\n\n\n<p><strong>Procuradur\u00eda General-Ministerio P\u00fablico RD<\/strong><\/p>\n\n\n\n<p><strong>Lunes, 19 de Julio 2021<\/strong><\/p>\n","protected":false},"excerpt":{"rendered":"<p>diariodominicano.com Santo Domingo, R. D., 19 de julio, 2021.- El Ministerio P\u00fablico inform\u00f3 que deber\u00e1 realizar trabajo social preventivo contra la COVID-19, un musicalizador dominicano residente en Estados Unidos que el pasado 13 de julio organiz\u00f3 una caravana en las provincias Duarte y Hermanas Mirabal. Los fiscales Juana Mar\u00eda Brito, titular de la Regional Nordeste [&hellip;]<\/p>\n","protected":false},"author":5,"featured_media":287815,"comment_status":"closed","ping_status":"","sticky":true,"template":"","format":"standard","meta":{"footnotes":""},"categories":[24,27],"tags":[],"class_list":["post-287814","post","type-post","status-publish","format-standard","has-post-thumbnail","hentry","category-justicia-y-derecho","category-portada"],"_links":{"self":[{"href":"https:\/\/diariodominicano.com\/index.php?rest_route=\/wp\/v2\/posts\/287814","targetHints":{"allow":["GET"]}}],"collection":[{"href":"https:\/\/diariodominicano.com\/index.php?rest_route=\/wp\/v2\/posts"}],"about":[{"href":"https:\/\/diariodominicano.com\/index.php?rest_route=\/wp\/v2\/types\/post"}],"author":[{"embeddable":true,"href":"https:\/\/diariodominicano.com\/index.php?rest_route=\/wp\/v2\/users\/5"}],"replies":[{"embeddable":true,"href":"https:\/\/diariodominicano.com\/index.php?rest_route=%2Fwp%2Fv2%2Fcomments&post=287814"}],"version-history":[{"count":1,"href":"https:\/\/diariodominicano.com\/index.php?rest_route=\/wp\/v2\/posts\/287814\/revisions"}],"predecessor-version":[{"id":287816,"href":"https:\/\/diariodominicano.com\/index.php?rest_route=\/wp\/v2\/posts\/287814\/revisions\/287816"}],"wp:featuredmedia":[{"embeddable":true,"href":"https:\/\/diariodominicano.com\/index.php?rest_route=\/wp\/v2\/media\/287815"}],"wp:attachment":[{"href":"https:\/\/diariodominicano.com\/index.php?rest_route=%2Fwp%2Fv2%2Fmedia&parent=287814"}],"wp:term":[{"taxonomy":"category","embeddable":true,"href":"https:\/\/diariodominicano.com\/index.php?rest_route=%2Fwp%2Fv2%2Fcategories&post=287814"},{"taxonomy":"post_tag","embeddable":true,"href":"https:\/\/diariodominicano.com\/index.php?rest_route=%2Fwp%2Fv2%2Ftags&post=287814"}],"curies":[{"name":"wp","href":"https:\/\/api.w.org\/{rel}","templated":true}]}}