{"id":287811,"date":"2021-07-19T19:24:18","date_gmt":"2021-07-19T23:24:18","guid":{"rendered":"http:\/\/diariodominicano.com\/?p=287811"},"modified":"2021-07-19T19:24:18","modified_gmt":"2021-07-19T23:24:18","slug":"biden-critica-a-companias-de-redes-sociales-por-desinformacion-sobre-vacunas-contra-covid-19","status":"publish","type":"post","link":"https:\/\/diariodominicano.com\/?p=287811","title":{"rendered":"Biden critica a compa\u00f1\u00edas de redes sociales por desinformaci\u00f3n sobre vacunas contra COVID-19"},"content":{"rendered":"\n<p>diariodominicano.com<a rel=\"noreferrer noopener\" href=\"http:\/\/home.xinhua-news.com\/gdsdetailxhs\/share\/9683509-?pageflag=iframe\" target=\"_blank\"><\/a><\/p>\n\n\n\n<pre id=\"text-news-description\" class=\"wp-block-preformatted\">   WASHINGTON, 19 jul (Xinhua) -- El presidente de Estados Unidos, Joe Biden, critic\u00f3 recientemente a compa\u00f1\u00edas de redes sociales por la informaci\u00f3n err\u00f3nea relacionada con las vacunas contra la COVID-19.\n   \"Ellas est\u00e1n matando personas. La \u00fanica pandemia que tenemos es entre las personas no vacunadas. Y ellas est\u00e1n matando personas\", dijo Biden el viernes a los reporteros en la Casa Blanca.\n   El cirujano general de Estados Unidos, Vivek Murthy, ha calificado a la informaci\u00f3n err\u00f3nea de salud como una \"amenaza urgente\" en medio del impulso de la administraci\u00f3n de Biden para vacunar a m\u00e1s personas, mientras se propaga la variante delta del virus m\u00e1s contagiosa entre estadounidenses no vacunados.\n   \"Las compa\u00f1\u00edas de tecnolog\u00eda moderna han permitido que la informaci\u00f3n incorrecta envenene nuestro ambiente informativo con poca responsabilidad ante sus usuarios\", dijo Murthy la semana pasada.\n   La Casa Blanca est\u00e1 pidiendo a Facebook y a otras plataformas de redes sociales que sean m\u00e1s agresivas en la eliminaci\u00f3n de publicaciones \"da\u00f1inas\" que propagan desinformaci\u00f3n, indic\u00f3 la secretaria de prensa de la Casa Blanca, Jen Psaki.\n   Facebook ha rechazado las cr\u00edticas acerca de sus esfuerzos para combatir la informaci\u00f3n incorrecta sobre la COVID-19.\n   \"Los datos muestran que 85 por ciento de los usuarios de Facebook en Estados Unidos se han vacunado o quieren vacunarse contra la COVID-19\", respondi\u00f3 Facebook en una publicaci\u00f3n del blog corporativo de Guy Rosen, vicepresidente de la compa\u00f1\u00eda. \"El objetivo del presidente Biden era que 70 por ciento de los estadounidenses estuvieran vacunados para el 4 de julio. Facebook no es la raz\u00f3n de que este objetivo no se haya cumplido\". <\/pre>\n","protected":false},"excerpt":{"rendered":"<p>diariodominicano.com WASHINGTON, 19 jul (Xinhua) &#8212; El presidente de Estados Unidos, Joe Biden, critic\u00f3 recientemente a compa\u00f1\u00edas de redes sociales por la informaci\u00f3n err\u00f3nea relacionada con las vacunas contra la COVID-19. \u00abEllas est\u00e1n matando personas. La \u00fanica pandemia que tenemos es entre las personas no vacunadas. Y ellas est\u00e1n matando personas\u00bb, dijo Biden el viernes [&hellip;]<\/p>\n","protected":false},"author":5,"featured_media":287812,"comment_status":"closed","ping_status":"","sticky":true,"template":"","format":"standard","meta":{"footnotes":""},"categories":[23,27],"tags":[],"class_list":["post-287811","post","type-post","status-publish","format-standard","has-post-thumbnail","hentry","category-internacional","category-portada"],"_links":{"self":[{"href":"https:\/\/diariodominicano.com\/index.php?rest_route=\/wp\/v2\/posts\/287811","targetHints":{"allow":["GET"]}}],"collection":[{"href":"https:\/\/diariodominicano.com\/index.php?rest_route=\/wp\/v2\/posts"}],"about":[{"href":"https:\/\/diariodominicano.com\/index.php?rest_route=\/wp\/v2\/types\/post"}],"author":[{"embeddable":true,"href":"https:\/\/diariodominicano.com\/index.php?rest_route=\/wp\/v2\/users\/5"}],"replies":[{"embeddable":true,"href":"https:\/\/diariodominicano.com\/index.php?rest_route=%2Fwp%2Fv2%2Fcomments&post=287811"}],"version-history":[{"count":1,"href":"https:\/\/diariodominicano.com\/index.php?rest_route=\/wp\/v2\/posts\/287811\/revisions"}],"predecessor-version":[{"id":287813,"href":"https:\/\/diariodominicano.com\/index.php?rest_route=\/wp\/v2\/posts\/287811\/revisions\/287813"}],"wp:featuredmedia":[{"embeddable":true,"href":"https:\/\/diariodominicano.com\/index.php?rest_route=\/wp\/v2\/media\/287812"}],"wp:attachment":[{"href":"https:\/\/diariodominicano.com\/index.php?rest_route=%2Fwp%2Fv2%2Fmedia&parent=287811"}],"wp:term":[{"taxonomy":"category","embeddable":true,"href":"https:\/\/diariodominicano.com\/index.php?rest_route=%2Fwp%2Fv2%2Fcategories&post=287811"},{"taxonomy":"post_tag","embeddable":true,"href":"https:\/\/diariodominicano.com\/index.php?rest_route=%2Fwp%2Fv2%2Ftags&post=287811"}],"curies":[{"name":"wp","href":"https:\/\/api.w.org\/{rel}","templated":true}]}}